{"id":16896,"date":"2022-11-04T12:32:09","date_gmt":"2022-11-04T15:32:09","guid":{"rendered":"https:\/\/projetodevida.org.br\/site\/?p=16896"},"modified":"2023-02-23T09:42:43","modified_gmt":"2023-02-23T12:42:43","slug":"semana-das-criancas-10-10-2022-a-14-10-2022","status":"publish","type":"post","link":"https:\/\/projetodevida.org.br\/site\/2022\/11\/04\/semana-das-criancas-10-10-2022-a-14-10-2022\/","title":{"rendered":"Semana das Crian\u00e7as"},"content":{"rendered":"<div id=\"themify_builder_content-16896\" data-postid=\"16896\" class=\"themify_builder_content themify_builder_content-16896 themify_builder\">\n\n    \t\n\t\t<!-- module_row -->\n\t\t\t<div  class=\"themify_builder_row module_row clearfix repeat fullwidth_row_container module_row_0 themify_builder_16896_row module_row_16896-0\">\n\t\t\t\t                                <div class=\"row_inner \"   data-basecol=\"2\" data-col_mobile=\"column-full\">\n\n                                    \n\t\t<div style=\"width:85%\" class=\"tb-column col4-2 first module_column tb_16896_column module_column_0 module_column_16896-0-0\" >\n                                                                <div class=\"tb-column-inner\">\n                            \n\n<!-- module text -->\n<div  id=\"text-16896-0-0-0\" class=\"module module-text text-16896-0-0-0  repeat \">\n    \n    <div class=\"m8h3af8h l7ghb35v kjdc1dyq kmwttqpk gh25dzvf n3t5jt4f\">\n<div dir=\"auto\">Ser crian\u00e7a \u00e9 ser feliz e aproveitar imensamente cada momento.Pensando nisso, o Projeto de Vida proporcionou uma semana de muitas brincadeiras e divers\u00e3o para todas as crian\u00e7as que frequentam as oficinas de viol\u00e3o, violino, inform\u00e1tica, dan\u00e7a e futebol. Esperamos que as nossas crian\u00e7as cres\u00e7am com lindas mem\u00f3rias de uma semana super divertida e cheia de jogos .<\/div>\n<div dir=\"auto\">Mergulhe nos bons sentimentos, no riso solto, no que deixa o dia doce e o cora\u00e7\u00e3o feliz!<\/div>\n<div dir=\"auto\">Al\u00e9m disso, proporcionamos um dia de muitas alegrias e divers\u00e3o no SESC CONTAGEM, com piscina, brincadeiras e um almo\u00e7o delicioso.<\/div>\n<\/div><\/div>\n<!-- \/module text -->\n                        <\/div>\n                    \t\t<\/div>\n\t\t<!-- \/.tb-column -->\n\t\t\n\t\t\n\t\t<div style=\"width:11.8%\" class=\"tb-column col4-2 last module_column tb_16896_column module_column_1 module_column_16896-0-1\" >\n                                        \t\t<\/div>\n\t\t<!-- \/.tb-column -->\n\t\t\n\t\t\n                                <\/div>\n                                <!-- \/row_inner -->\n                        <\/div>\n                        <!-- \/module_row -->\n\t\t\t\n\t\t<!-- module_row -->\n\t\t\t<div  class=\"themify_builder_row module_row clearfix repeat fullwidth_row_container module_row_1 themify_builder_16896_row module_row_16896-1\">\n\t\t\t\t                                <div class=\"row_inner \"   data-basecol=\"2\" data-col_mobile=\"column-full\">\n\n                                    \n\t\t<div style=\"width:50%\" class=\"tb-column col4-2 first module_column tb_16896_column module_column_0 module_column_16896-1-0\" >\n                                                                <div class=\"tb-column-inner\">\n                            \n\n\n    <!-- module video -->\n    <div  id=\"video-16896-1-0-0\" class=\"module module-video video-16896-1-0-0 video-top   \">\n\n        \n        <div class=\"video-wrap\">\n            <iframe loading=\"lazy\" title=\"Semana das Crian\u00e7as 2022\" width=\"1165\" height=\"655\" src=\"https:\/\/www.youtube.com\/embed\/pwP4v-esabM?feature=oembed?&t=28s\"  allow=\"accelerometer; autoplay; clipboard-write; encrypted-media; gyroscope; picture-in-picture; web-share\" referrerpolicy=\"strict-origin-when-cross-origin\" allowfullscreen><\/iframe>        <\/div>\n        <!-- \/video-wrap -->\n\n            <\/div>\n    <!-- \/module video -->\n    \n\n\n    <!-- module buttons -->\n    <div  id=\"buttons-16896-1-0-1\" class=\"module module-buttons buttons-16896-1-0-1  \">\n\n        \n        <div class=\"module-buttons normal rounded\">\n                            <div class=\"module-buttons-item\">\n                                            <a href=\"https:\/\/www.facebook.com\/media\/set\/?set=a.5641425715936835&#038;type=3\" class=\"ui builder_button red\"  target=\"_blank\" rel=\"noopener\">\n                                                                    <span>Clique aqui para acessar todas as fotos do evento<\/span>\n                                                <\/a>\n                                    <\/div>\n                    <\/div>\n    <\/div>\n    <!-- \/module buttons -->\n\n                        <\/div>\n                    \t\t<\/div>\n\t\t<!-- \/.tb-column -->\n\t\t\n\t\t\n\t\t<div style=\"width:46.8%\" class=\"tb-column col4-2 last module_column tb_16896_column module_column_1 module_column_16896-1-1\" >\n                                                                <div class=\"tb-column-inner\">\n                            \n\n\n    <!-- module video -->\n    <div  id=\"video-16896-1-1-0\" class=\"module module-video video-16896-1-1-0 video-top   \">\n\n        \n        <div class=\"video-wrap\">\n            <iframe loading=\"lazy\" title=\"Passeio Sesc-Contagem\" width=\"1165\" height=\"655\" src=\"https:\/\/www.youtube.com\/embed\/wk4mfoz4cr8?feature=oembed\"  allow=\"accelerometer; autoplay; clipboard-write; encrypted-media; gyroscope; picture-in-picture; web-share\" referrerpolicy=\"strict-origin-when-cross-origin\" allowfullscreen><\/iframe>        <\/div>\n        <!-- \/video-wrap -->\n\n            <\/div>\n    <!-- \/module video -->\n    \n\n\n    <!-- module buttons -->\n    <div  id=\"buttons-16896-1-1-1\" class=\"module module-buttons buttons-16896-1-1-1  \">\n\n        \n        <div class=\"module-buttons normal rounded\">\n                            <div class=\"module-buttons-item\">\n                                            <a href=\"https:\/\/www.facebook.com\/media\/set\/?set=a.5649191335160273&#038;type=3\" class=\"ui builder_button red\"  target=\"_blank\" rel=\"noopener\">\n                                                                    <span>Clique aqui para acessar todas as fotos do evento Sesc-Contagem<\/span>\n                                                <\/a>\n                                    <\/div>\n                    <\/div>\n    <\/div>\n    <!-- \/module buttons -->\n\n                        <\/div>\n                    \t\t<\/div>\n\t\t<!-- \/.tb-column -->\n\t\t\n\t\t\n                                <\/div>\n                                <!-- \/row_inner -->\n                        <\/div>\n                        <!-- \/module_row -->\n\t\t\t\n\t\t<!-- module_row -->\n\t\t\t<div  class=\"themify_builder_row module_row clearfix repeat fullwidth_row_container module_row_2 themify_builder_16896_row module_row_16896-2\">\n\t\t\t\t                                <div class=\"row_inner \" >\n\n                                    \n\t\t<div  class=\"tb-column col3-1 first module_column tb_16896_column module_column_0 module_column_16896-2-0\" >\n                                                                <div class=\"tb-column-inner\">\n                            \n\n    <!-- module image -->\n    <div  id=\"image-16896-2-0-0\" class=\"module module-image image-16896-2-0-0  image-top  \">\n\n        \n        <div class=\"image-wrap\">\n                            <img loading=\"lazy\" decoding=\"async\" width=\"1024\" height=\"768\" src=\"https:\/\/projetodevida.org.br\/site\/wp-content\/uploads\/2022\/11\/WhatsApp-Image-2022-10-10-at-17.44.12-3.jpeg\" class=\" wp-post-image wp-image-16902\" alt=\"WhatsApp Image 2022-10-10 at 17.44.12 (3)\" srcset=\"https:\/\/projetodevida.org.br\/site\/wp-content\/uploads\/2022\/11\/WhatsApp-Image-2022-10-10-at-17.44.12-3.jpeg 1024w, https:\/\/projetodevida.org.br\/site\/wp-content\/uploads\/2022\/11\/WhatsApp-Image-2022-10-10-at-17.44.12-3-300x225.jpeg 300w, https:\/\/projetodevida.org.br\/site\/wp-content\/uploads\/2022\/11\/WhatsApp-Image-2022-10-10-at-17.44.12-3-768x576.jpeg 768w\" sizes=\"auto, (max-width: 1024px) 100vw, 1024px\" \/>            \n                        <\/div>\n            <!-- \/image-wrap -->\n        \n        \n            <\/div>\n    <!-- \/module image -->\n\n                        <\/div>\n                    \t\t<\/div>\n\t\t<!-- \/.tb-column -->\n\t\t\n\t\t\n\t\t<div  class=\"tb-column col3-1 middle module_column tb_16896_column module_column_1 module_column_16896-2-1\" >\n                                                                <div class=\"tb-column-inner\">\n                            \n\n    <!-- module image -->\n    <div  id=\"image-16896-2-1-0\" class=\"module module-image image-16896-2-1-0  image-top  \">\n\n        \n        <div class=\"image-wrap\">\n                            <img loading=\"lazy\" decoding=\"async\" width=\"1024\" height=\"768\" src=\"https:\/\/projetodevida.org.br\/site\/wp-content\/uploads\/2022\/11\/WhatsApp-Image-2022-10-12-at-14.54.19-8.jpeg\" class=\" wp-post-image wp-image-16911\" alt=\"WhatsApp Image 2022-10-12 at 14.54.19 (8)\" srcset=\"https:\/\/projetodevida.org.br\/site\/wp-content\/uploads\/2022\/11\/WhatsApp-Image-2022-10-12-at-14.54.19-8.jpeg 1024w, https:\/\/projetodevida.org.br\/site\/wp-content\/uploads\/2022\/11\/WhatsApp-Image-2022-10-12-at-14.54.19-8-300x225.jpeg 300w, https:\/\/projetodevida.org.br\/site\/wp-content\/uploads\/2022\/11\/WhatsApp-Image-2022-10-12-at-14.54.19-8-768x576.jpeg 768w\" sizes=\"auto, (max-width: 1024px) 100vw, 1024px\" \/>            \n                        <\/div>\n            <!-- \/image-wrap -->\n        \n        \n            <\/div>\n    <!-- \/module image -->\n\n                        <\/div>\n                    \t\t<\/div>\n\t\t<!-- \/.tb-column -->\n\t\t\n\t\t\n\t\t<div  class=\"tb-column col3-1 last module_column tb_16896_column module_column_2 module_column_16896-2-2\" >\n                                                                <div class=\"tb-column-inner\">\n                            \n\n    <!-- module image -->\n    <div  id=\"image-16896-2-2-0\" class=\"module module-image image-16896-2-2-0  image-top  \">\n\n        \n        <div class=\"image-wrap\">\n                            <img loading=\"lazy\" decoding=\"async\" width=\"1024\" height=\"768\" src=\"https:\/\/projetodevida.org.br\/site\/wp-content\/uploads\/2022\/11\/WhatsApp-Image-2022-10-12-at-14.54.19-4-1.jpeg\" class=\" wp-post-image wp-image-16914\" alt=\"WhatsApp Image 2022-10-12 at 14.54.19 (4)\" srcset=\"https:\/\/projetodevida.org.br\/site\/wp-content\/uploads\/2022\/11\/WhatsApp-Image-2022-10-12-at-14.54.19-4-1.jpeg 1024w, https:\/\/projetodevida.org.br\/site\/wp-content\/uploads\/2022\/11\/WhatsApp-Image-2022-10-12-at-14.54.19-4-1-300x225.jpeg 300w, https:\/\/projetodevida.org.br\/site\/wp-content\/uploads\/2022\/11\/WhatsApp-Image-2022-10-12-at-14.54.19-4-1-768x576.jpeg 768w\" sizes=\"auto, (max-width: 1024px) 100vw, 1024px\" \/>            \n                        <\/div>\n            <!-- \/image-wrap -->\n        \n        \n            <\/div>\n    <!-- \/module image -->\n\n                        <\/div>\n                    \t\t<\/div>\n\t\t<!-- \/.tb-column -->\n\t\t\n\t\t\n                                <\/div>\n                                <!-- \/row_inner -->\n                        <\/div>\n                        <!-- \/module_row -->\n\t\t\t\n\t\t<!-- module_row -->\n\t\t\t<div  class=\"themify_builder_row module_row clearfix module_row_3 themify_builder_16896_row module_row_16896-3\">\n\t\t\t\t                                <div class=\"row_inner \" >\n\n                                    \n\t\t<div  class=\"tb-column col3-1 first module_column tb_16896_column module_column_0 module_column_16896-3-0\" >\n                                                                <div class=\"tb-column-inner\">\n                            \n\n    <!-- module image -->\n    <div  id=\"image-16896-3-0-0\" class=\"module module-image image-16896-3-0-0  image-top  \">\n\n        \n        <div class=\"image-wrap\">\n                            <img loading=\"lazy\" decoding=\"async\" width=\"1600\" height=\"737\" src=\"https:\/\/projetodevida.org.br\/site\/wp-content\/uploads\/2022\/11\/WhatsApp-Image-2022-10-19-at-09.21.15-1.jpeg\" class=\" wp-post-image wp-image-16915\" alt=\"WhatsApp Image 2022-10-19 at 09.21.15 (1)\" srcset=\"https:\/\/projetodevida.org.br\/site\/wp-content\/uploads\/2022\/11\/WhatsApp-Image-2022-10-19-at-09.21.15-1.jpeg 1600w, https:\/\/projetodevida.org.br\/site\/wp-content\/uploads\/2022\/11\/WhatsApp-Image-2022-10-19-at-09.21.15-1-300x138.jpeg 300w, https:\/\/projetodevida.org.br\/site\/wp-content\/uploads\/2022\/11\/WhatsApp-Image-2022-10-19-at-09.21.15-1-1024x472.jpeg 1024w, https:\/\/projetodevida.org.br\/site\/wp-content\/uploads\/2022\/11\/WhatsApp-Image-2022-10-19-at-09.21.15-1-768x354.jpeg 768w, https:\/\/projetodevida.org.br\/site\/wp-content\/uploads\/2022\/11\/WhatsApp-Image-2022-10-19-at-09.21.15-1-1536x708.jpeg 1536w\" sizes=\"auto, (max-width: 1600px) 100vw, 1600px\" \/>            \n                        <\/div>\n            <!-- \/image-wrap -->\n        \n        \n            <\/div>\n    <!-- \/module image -->\n\n                        <\/div>\n                    \t\t<\/div>\n\t\t<!-- \/.tb-column -->\n\t\t\n\t\t\n\t\t<div  class=\"tb-column col3-1 middle module_column tb_16896_column module_column_1 module_column_16896-3-1\" >\n                                                                <div class=\"tb-column-inner\">\n                            \n\n    <!-- module image -->\n    <div  id=\"image-16896-3-1-0\" class=\"module module-image image-16896-3-1-0  image-top  \">\n\n        \n        <div class=\"image-wrap\">\n                            <img loading=\"lazy\" decoding=\"async\" width=\"1280\" height=\"590\" src=\"https:\/\/projetodevida.org.br\/site\/wp-content\/uploads\/2022\/11\/WhatsApp-Image-2022-10-21-at-17.23.55.jpeg\" class=\" wp-post-image wp-image-16916\" alt=\"WhatsApp Image 2022-10-21 at 17.23.55\" srcset=\"https:\/\/projetodevida.org.br\/site\/wp-content\/uploads\/2022\/11\/WhatsApp-Image-2022-10-21-at-17.23.55.jpeg 1280w, https:\/\/projetodevida.org.br\/site\/wp-content\/uploads\/2022\/11\/WhatsApp-Image-2022-10-21-at-17.23.55-300x138.jpeg 300w, https:\/\/projetodevida.org.br\/site\/wp-content\/uploads\/2022\/11\/WhatsApp-Image-2022-10-21-at-17.23.55-1024x472.jpeg 1024w, https:\/\/projetodevida.org.br\/site\/wp-content\/uploads\/2022\/11\/WhatsApp-Image-2022-10-21-at-17.23.55-768x354.jpeg 768w\" sizes=\"auto, (max-width: 1280px) 100vw, 1280px\" \/>            \n                        <\/div>\n            <!-- \/image-wrap -->\n        \n        \n            <\/div>\n    <!-- \/module image -->\n\n                        <\/div>\n                    \t\t<\/div>\n\t\t<!-- \/.tb-column -->\n\t\t\n\t\t\n\t\t<div  class=\"tb-column col3-1 last module_column tb_16896_column module_column_2 module_column_16896-3-2\" >\n                                                                <div class=\"tb-column-inner\">\n                            \n\n    <!-- module image -->\n    <div  id=\"image-16896-3-2-0\" class=\"module module-image image-16896-3-2-0  image-top  \">\n\n        \n        <div class=\"image-wrap\">\n                            <img loading=\"lazy\" decoding=\"async\" width=\"1600\" height=\"737\" src=\"https:\/\/projetodevida.org.br\/site\/wp-content\/uploads\/2022\/11\/WhatsApp-Image-2022-10-19-at-09.23.31.jpeg\" class=\" wp-post-image wp-image-16918\" alt=\"WhatsApp Image 2022-10-19 at 09.23.31\" srcset=\"https:\/\/projetodevida.org.br\/site\/wp-content\/uploads\/2022\/11\/WhatsApp-Image-2022-10-19-at-09.23.31.jpeg 1600w, https:\/\/projetodevida.org.br\/site\/wp-content\/uploads\/2022\/11\/WhatsApp-Image-2022-10-19-at-09.23.31-300x138.jpeg 300w, https:\/\/projetodevida.org.br\/site\/wp-content\/uploads\/2022\/11\/WhatsApp-Image-2022-10-19-at-09.23.31-1024x472.jpeg 1024w, https:\/\/projetodevida.org.br\/site\/wp-content\/uploads\/2022\/11\/WhatsApp-Image-2022-10-19-at-09.23.31-768x354.jpeg 768w, https:\/\/projetodevida.org.br\/site\/wp-content\/uploads\/2022\/11\/WhatsApp-Image-2022-10-19-at-09.23.31-1536x708.jpeg 1536w\" sizes=\"auto, (max-width: 1600px) 100vw, 1600px\" \/>            \n                        <\/div>\n            <!-- \/image-wrap -->\n        \n        \n            <\/div>\n    <!-- \/module image -->\n\n                        <\/div>\n                    \t\t<\/div>\n\t\t<!-- \/.tb-column -->\n\t\t\n\t\t\n                                <\/div>\n                                <!-- \/row_inner -->\n                        <\/div>\n                        <!-- \/module_row -->\n\t\t<\/div>\n\n","protected":false},"excerpt":{"rendered":"<p>Ser crian\u00e7a \u00e9 ser feliz e aproveitar imensamente cada momento.Pensando nisso, o Projeto de Vida proporcionou uma semana de muitas brincadeiras e divers\u00e3o para todas as crian\u00e7as que frequentam as oficinas de viol\u00e3o, violino, inform\u00e1tica, dan\u00e7a e futebol. Esperamos que as nossas crian\u00e7as cres\u00e7am com lindas mem\u00f3rias de uma semana super divertida e cheia de [&hellip;]<\/p>\n","protected":false},"author":5,"featured_media":17051,"comment_status":"open","ping_status":"open","sticky":false,"template":"","format":"standard","meta":{"footnotes":""},"categories":[1,6,4],"tags":[],"class_list":["post-16896","post","type-post","status-publish","format-standard","has-post-thumbnail","hentry","category-acoes","category-galeria-de-fotos","category-noticias","has-post-title","no-post-date","has-post-category","has-post-tag","has-post-comment","has-post-author",""," cat-1"," cat-6"," cat-4"],"_links":{"self":[{"href":"https:\/\/projetodevida.org.br\/site\/wp-json\/wp\/v2\/posts\/16896","targetHints":{"allow":["GET"]}}],"collection":[{"href":"https:\/\/projetodevida.org.br\/site\/wp-json\/wp\/v2\/posts"}],"about":[{"href":"https:\/\/projetodevida.org.br\/site\/wp-json\/wp\/v2\/types\/post"}],"author":[{"embeddable":true,"href":"https:\/\/projetodevida.org.br\/site\/wp-json\/wp\/v2\/users\/5"}],"replies":[{"embeddable":true,"href":"https:\/\/projetodevida.org.br\/site\/wp-json\/wp\/v2\/comments?post=16896"}],"version-history":[{"count":30,"href":"https:\/\/projetodevida.org.br\/site\/wp-json\/wp\/v2\/posts\/16896\/revisions"}],"predecessor-version":[{"id":17141,"href":"https:\/\/projetodevida.org.br\/site\/wp-json\/wp\/v2\/posts\/16896\/revisions\/17141"}],"wp:featuredmedia":[{"embeddable":true,"href":"https:\/\/projetodevida.org.br\/site\/wp-json\/wp\/v2\/media\/17051"}],"wp:attachment":[{"href":"https:\/\/projetodevida.org.br\/site\/wp-json\/wp\/v2\/media?parent=16896"}],"wp:term":[{"taxonomy":"category","embeddable":true,"href":"https:\/\/projetodevida.org.br\/site\/wp-json\/wp\/v2\/categories?post=16896"},{"taxonomy":"post_tag","embeddable":true,"href":"https:\/\/projetodevida.org.br\/site\/wp-json\/wp\/v2\/tags?post=16896"}],"curies":[{"name":"wp","href":"https:\/\/api.w.org\/{rel}","templated":true}]}}