{"id":16978,"date":"2022-12-16T12:42:00","date_gmt":"2022-12-16T15:42:00","guid":{"rendered":"https:\/\/projetodevida.org.br\/site\/?p=16978"},"modified":"2023-02-23T09:35:06","modified_gmt":"2023-02-23T12:35:06","slug":"musical-fim-de-ano","status":"publish","type":"post","link":"https:\/\/projetodevida.org.br\/site\/2022\/12\/16\/musical-fim-de-ano\/","title":{"rendered":"Musical Fim de Ano"},"content":{"rendered":"<div id=\"themify_builder_content-16978\" data-postid=\"16978\" class=\"themify_builder_content themify_builder_content-16978 themify_builder\">\n\n    \t\n\t\t<!-- module_row -->\n\t\t\t<div  class=\"themify_builder_row module_row clearfix repeat fullwidth_row_container module_row_0 themify_builder_16978_row module_row_16978-0\">\n\t\t\t\t                                <div class=\"row_inner \"   data-basecol=\"2\" data-col_mobile=\"column-full\">\n\n                                    \n\t\t<div style=\"width:59%\" class=\"tb-column col4-2 first module_column tb_16978_column module_column_0 module_column_16978-0-0\" >\n                                                                <div class=\"tb-column-inner\">\n                            \n\n<!-- module text -->\n<div  id=\"text-16978-0-0-0\" class=\"module module-text text-16978-0-0-0  repeat \">\n    \n    <p>Dia 15\/12\/2022, ocorreu a nosso tradicional \u201cMusical de Fim de Ano\u201d! Encerramos mais um ciclo de oficinas com chave de ouro! Foi um momento de muita alegria, marcado pela presen\u00e7a dos novos colaboradores, alunos e familiares.<br \/>Nada disso seria poss\u00edvel sem a dedica\u00e7\u00e3o de todos voc\u00eas, que fazem parte da fam\u00edlia Projeto de Vida!<br \/>Para ter um bom final de ano, basta olhar para tr\u00e1s sem arrependimentos e olhar para frente com esperan\u00e7a! S\u00f3 temos a agradecer pela uni\u00e3o de todos, cada qual com sua individualidade, transformou a noite em um verdadeiro espet\u00e1culo!<\/p><\/div>\n<!-- \/module text -->\n\n\n    <!-- module buttons -->\n    <div  id=\"buttons-16978-0-0-1\" class=\"module module-buttons buttons-16978-0-0-1  \">\n\n        \n        <div class=\"module-buttons normal rounded\">\n                            <div class=\"module-buttons-item\">\n                                            <a href=\"https:\/\/www.facebook.com\/media\/set\/?vanity=ProjetoDeVidaContagem&#038;set=a.5874236515989086\" class=\"ui builder_button red\"  target=\"_blank\" rel=\"noopener\">\n                                                                    <span>Clique aqui para acessar todas as fotos do evento<\/span>\n                                                <\/a>\n                                    <\/div>\n                    <\/div>\n    <\/div>\n    <!-- \/module buttons -->\n\n                        <\/div>\n                    \t\t<\/div>\n\t\t<!-- \/.tb-column -->\n\t\t\n\t\t\n\t\t<div style=\"width:37.8%\" class=\"tb-column col4-2 last module_column tb_16978_column module_column_1 module_column_16978-0-1\" >\n                                                                <div class=\"tb-column-inner\">\n                            \n\n\n    <!-- module video -->\n    <div  id=\"video-16978-0-1-0\" class=\"module module-video video-16978-0-1-0 video-top   \">\n\n        \n        <div class=\"video-wrap\">\n            <iframe loading=\"lazy\" title=\"Musical Fim de Ano (15\/01\/2022)\" width=\"1165\" height=\"655\" src=\"https:\/\/www.youtube.com\/embed\/5dxAnsEyMyA?feature=oembed\"  allow=\"accelerometer; autoplay; clipboard-write; encrypted-media; gyroscope; picture-in-picture; web-share\" referrerpolicy=\"strict-origin-when-cross-origin\" allowfullscreen><\/iframe>        <\/div>\n        <!-- \/video-wrap -->\n\n            <\/div>\n    <!-- \/module video -->\n    \n                        <\/div>\n                    \t\t<\/div>\n\t\t<!-- \/.tb-column -->\n\t\t\n\t\t\n                                <\/div>\n                                <!-- \/row_inner -->\n                        <\/div>\n                        <!-- \/module_row -->\n\t\t\t\n\t\t<!-- module_row -->\n\t\t\t<div  class=\"themify_builder_row module_row clearfix repeat fullwidth_row_container module_row_1 themify_builder_16978_row module_row_16978-1\">\n\t\t\t\t                                <div class=\"row_inner \" >\n\n                                    \n\t\t<div  class=\"tb-column col3-1 first module_column tb_16978_column module_column_0 module_column_16978-1-0\" >\n                                                                <div class=\"tb-column-inner\">\n                            \n\n    <!-- module image -->\n    <div  id=\"image-16978-1-0-0\" class=\"module module-image image-16978-1-0-0  image-top  \">\n\n        \n        <div class=\"image-wrap\">\n                            <img loading=\"lazy\" decoding=\"async\" width=\"2560\" height=\"1707\" src=\"https:\/\/projetodevida.org.br\/site\/wp-content\/uploads\/2023\/01\/photo-51-scaled.jpg\" class=\" wp-post-image wp-image-16981\" alt=\"photo (51)\" srcset=\"https:\/\/projetodevida.org.br\/site\/wp-content\/uploads\/2023\/01\/photo-51-scaled.jpg 2560w, https:\/\/projetodevida.org.br\/site\/wp-content\/uploads\/2023\/01\/photo-51-300x200.jpg 300w, https:\/\/projetodevida.org.br\/site\/wp-content\/uploads\/2023\/01\/photo-51-1024x683.jpg 1024w, https:\/\/projetodevida.org.br\/site\/wp-content\/uploads\/2023\/01\/photo-51-768x512.jpg 768w, https:\/\/projetodevida.org.br\/site\/wp-content\/uploads\/2023\/01\/photo-51-1536x1024.jpg 1536w, https:\/\/projetodevida.org.br\/site\/wp-content\/uploads\/2023\/01\/photo-51-2048x1365.jpg 2048w\" sizes=\"auto, (max-width: 2560px) 100vw, 2560px\" \/>            \n                        <\/div>\n            <!-- \/image-wrap -->\n        \n        \n            <\/div>\n    <!-- \/module image -->\n\n                        <\/div>\n                    \t\t<\/div>\n\t\t<!-- \/.tb-column -->\n\t\t\n\t\t\n\t\t<div  class=\"tb-column col3-1 middle module_column tb_16978_column module_column_1 module_column_16978-1-1\" >\n                                                                <div class=\"tb-column-inner\">\n                            \n\n    <!-- module image -->\n    <div  id=\"image-16978-1-1-0\" class=\"module module-image image-16978-1-1-0  image-top  \">\n\n        \n        <div class=\"image-wrap\">\n                            <img loading=\"lazy\" decoding=\"async\" width=\"2560\" height=\"1707\" src=\"https:\/\/projetodevida.org.br\/site\/wp-content\/uploads\/2023\/01\/photo-45-scaled.jpg\" class=\" wp-post-image wp-image-16985\" alt=\"photo (45)\" srcset=\"https:\/\/projetodevida.org.br\/site\/wp-content\/uploads\/2023\/01\/photo-45-scaled.jpg 2560w, https:\/\/projetodevida.org.br\/site\/wp-content\/uploads\/2023\/01\/photo-45-300x200.jpg 300w, https:\/\/projetodevida.org.br\/site\/wp-content\/uploads\/2023\/01\/photo-45-1024x683.jpg 1024w, https:\/\/projetodevida.org.br\/site\/wp-content\/uploads\/2023\/01\/photo-45-768x512.jpg 768w, https:\/\/projetodevida.org.br\/site\/wp-content\/uploads\/2023\/01\/photo-45-1536x1024.jpg 1536w, https:\/\/projetodevida.org.br\/site\/wp-content\/uploads\/2023\/01\/photo-45-2048x1365.jpg 2048w\" sizes=\"auto, (max-width: 2560px) 100vw, 2560px\" \/>            \n                        <\/div>\n            <!-- \/image-wrap -->\n        \n        \n            <\/div>\n    <!-- \/module image -->\n\n                        <\/div>\n                    \t\t<\/div>\n\t\t<!-- \/.tb-column -->\n\t\t\n\t\t\n\t\t<div  class=\"tb-column col3-1 last module_column tb_16978_column module_column_2 module_column_16978-1-2\" >\n                                                                <div class=\"tb-column-inner\">\n                            \n\n    <!-- module image -->\n    <div  id=\"image-16978-1-2-0\" class=\"module module-image image-16978-1-2-0  image-top  \">\n\n        \n        <div class=\"image-wrap\">\n                            <img loading=\"lazy\" decoding=\"async\" width=\"2560\" height=\"1707\" src=\"https:\/\/projetodevida.org.br\/site\/wp-content\/uploads\/2023\/01\/photo-49-scaled.jpg\" class=\" wp-post-image wp-image-16982\" alt=\"photo (49)\" srcset=\"https:\/\/projetodevida.org.br\/site\/wp-content\/uploads\/2023\/01\/photo-49-scaled.jpg 2560w, https:\/\/projetodevida.org.br\/site\/wp-content\/uploads\/2023\/01\/photo-49-300x200.jpg 300w, https:\/\/projetodevida.org.br\/site\/wp-content\/uploads\/2023\/01\/photo-49-1024x683.jpg 1024w, https:\/\/projetodevida.org.br\/site\/wp-content\/uploads\/2023\/01\/photo-49-768x512.jpg 768w, https:\/\/projetodevida.org.br\/site\/wp-content\/uploads\/2023\/01\/photo-49-1536x1024.jpg 1536w, https:\/\/projetodevida.org.br\/site\/wp-content\/uploads\/2023\/01\/photo-49-2048x1365.jpg 2048w\" sizes=\"auto, (max-width: 2560px) 100vw, 2560px\" \/>            \n                        <\/div>\n            <!-- \/image-wrap -->\n        \n        \n            <\/div>\n    <!-- \/module image -->\n\n                        <\/div>\n                    \t\t<\/div>\n\t\t<!-- \/.tb-column -->\n\t\t\n\t\t\n                                <\/div>\n                                <!-- \/row_inner -->\n                        <\/div>\n                        <!-- \/module_row -->\n\t\t\t\n\t\t<!-- module_row -->\n\t\t\t<div  class=\"themify_builder_row module_row clearfix module_row_2 themify_builder_16978_row module_row_16978-2\">\n\t\t\t\t                                <div class=\"row_inner \" >\n\n                                    \n\t\t<div  class=\"tb-column col3-1 first module_column tb_16978_column module_column_0 module_column_16978-2-0\" >\n                                                                <div class=\"tb-column-inner\">\n                            \n\n    <!-- module image -->\n    <div  id=\"image-16978-2-0-0\" class=\"module module-image image-16978-2-0-0  image-top  \">\n\n        \n        <div class=\"image-wrap\">\n                            <img loading=\"lazy\" decoding=\"async\" width=\"2560\" height=\"1707\" src=\"https:\/\/projetodevida.org.br\/site\/wp-content\/uploads\/2023\/01\/photo-53-scaled.jpg\" class=\" wp-post-image wp-image-16979\" alt=\"photo (53)\" srcset=\"https:\/\/projetodevida.org.br\/site\/wp-content\/uploads\/2023\/01\/photo-53-scaled.jpg 2560w, https:\/\/projetodevida.org.br\/site\/wp-content\/uploads\/2023\/01\/photo-53-300x200.jpg 300w, https:\/\/projetodevida.org.br\/site\/wp-content\/uploads\/2023\/01\/photo-53-1024x683.jpg 1024w, https:\/\/projetodevida.org.br\/site\/wp-content\/uploads\/2023\/01\/photo-53-768x512.jpg 768w, https:\/\/projetodevida.org.br\/site\/wp-content\/uploads\/2023\/01\/photo-53-1536x1024.jpg 1536w, https:\/\/projetodevida.org.br\/site\/wp-content\/uploads\/2023\/01\/photo-53-2048x1365.jpg 2048w\" sizes=\"auto, (max-width: 2560px) 100vw, 2560px\" \/>            \n                        <\/div>\n            <!-- \/image-wrap -->\n        \n        \n            <\/div>\n    <!-- \/module image -->\n\n                        <\/div>\n                    \t\t<\/div>\n\t\t<!-- \/.tb-column -->\n\t\t\n\t\t\n\t\t<div  class=\"tb-column col3-1 middle module_column tb_16978_column module_column_1 module_column_16978-2-1\" >\n                                                                <div class=\"tb-column-inner\">\n                            \n\n    <!-- module image -->\n    <div  id=\"image-16978-2-1-0\" class=\"module module-image image-16978-2-1-0  image-top  \">\n\n        \n        <div class=\"image-wrap\">\n                            <img loading=\"lazy\" decoding=\"async\" width=\"2560\" height=\"1707\" src=\"https:\/\/projetodevida.org.br\/site\/wp-content\/uploads\/2023\/01\/photo-46-scaled.jpg\" class=\" wp-post-image wp-image-16984\" alt=\"photo (46)\" srcset=\"https:\/\/projetodevida.org.br\/site\/wp-content\/uploads\/2023\/01\/photo-46-scaled.jpg 2560w, https:\/\/projetodevida.org.br\/site\/wp-content\/uploads\/2023\/01\/photo-46-300x200.jpg 300w, https:\/\/projetodevida.org.br\/site\/wp-content\/uploads\/2023\/01\/photo-46-1024x683.jpg 1024w, https:\/\/projetodevida.org.br\/site\/wp-content\/uploads\/2023\/01\/photo-46-768x512.jpg 768w, https:\/\/projetodevida.org.br\/site\/wp-content\/uploads\/2023\/01\/photo-46-1536x1024.jpg 1536w, https:\/\/projetodevida.org.br\/site\/wp-content\/uploads\/2023\/01\/photo-46-2048x1365.jpg 2048w\" sizes=\"auto, (max-width: 2560px) 100vw, 2560px\" \/>            \n                        <\/div>\n            <!-- \/image-wrap -->\n        \n        \n            <\/div>\n    <!-- \/module image -->\n\n                        <\/div>\n                    \t\t<\/div>\n\t\t<!-- \/.tb-column -->\n\t\t\n\t\t\n\t\t<div  class=\"tb-column col3-1 last module_column tb_16978_column module_column_2 module_column_16978-2-2\" >\n                                                                <div class=\"tb-column-inner\">\n                            \n\n    <!-- module image -->\n    <div  id=\"image-16978-2-2-0\" class=\"module module-image image-16978-2-2-0  image-top  \">\n\n        \n        <div class=\"image-wrap\">\n                            <img loading=\"lazy\" decoding=\"async\" width=\"2560\" height=\"1707\" src=\"https:\/\/projetodevida.org.br\/site\/wp-content\/uploads\/2023\/01\/photo-43-scaled.jpg\" class=\" wp-post-image wp-image-16986\" alt=\"photo (43)\" srcset=\"https:\/\/projetodevida.org.br\/site\/wp-content\/uploads\/2023\/01\/photo-43-scaled.jpg 2560w, https:\/\/projetodevida.org.br\/site\/wp-content\/uploads\/2023\/01\/photo-43-300x200.jpg 300w, https:\/\/projetodevida.org.br\/site\/wp-content\/uploads\/2023\/01\/photo-43-1024x683.jpg 1024w, https:\/\/projetodevida.org.br\/site\/wp-content\/uploads\/2023\/01\/photo-43-768x512.jpg 768w, https:\/\/projetodevida.org.br\/site\/wp-content\/uploads\/2023\/01\/photo-43-1536x1024.jpg 1536w, https:\/\/projetodevida.org.br\/site\/wp-content\/uploads\/2023\/01\/photo-43-2048x1365.jpg 2048w\" sizes=\"auto, (max-width: 2560px) 100vw, 2560px\" \/>            \n                        <\/div>\n            <!-- \/image-wrap -->\n        \n        \n            <\/div>\n    <!-- \/module image -->\n\n                        <\/div>\n                    \t\t<\/div>\n\t\t<!-- \/.tb-column -->\n\t\t\n\t\t\n                                <\/div>\n                                <!-- \/row_inner -->\n                        <\/div>\n                        <!-- \/module_row -->\n\t\t<\/div>\n\n","protected":false},"excerpt":{"rendered":"<p>Dia 15\/12\/2022, ocorreu a nosso tradicional \u201cMusical de Fim de Ano\u201d! Encerramos mais um ciclo de oficinas com chave de ouro! Foi um momento de muita alegria, marcado pela presen\u00e7a dos novos colaboradores, alunos e familiares.Nada disso seria poss\u00edvel sem a dedica\u00e7\u00e3o de todos voc\u00eas, que fazem parte da fam\u00edlia Projeto de Vida!Para ter um [&hellip;]<\/p>\n","protected":false},"author":5,"featured_media":17063,"comment_status":"open","ping_status":"open","sticky":false,"template":"","format":"standard","meta":{"footnotes":""},"categories":[1,6,4],"tags":[],"class_list":["post-16978","post","type-post","status-publish","format-standard","has-post-thumbnail","hentry","category-acoes","category-galeria-de-fotos","category-noticias","has-post-title","no-post-date","has-post-category","has-post-tag","has-post-comment","has-post-author",""," cat-1"," cat-6"," cat-4"],"_links":{"self":[{"href":"https:\/\/projetodevida.org.br\/site\/wp-json\/wp\/v2\/posts\/16978","targetHints":{"allow":["GET"]}}],"collection":[{"href":"https:\/\/projetodevida.org.br\/site\/wp-json\/wp\/v2\/posts"}],"about":[{"href":"https:\/\/projetodevida.org.br\/site\/wp-json\/wp\/v2\/types\/post"}],"author":[{"embeddable":true,"href":"https:\/\/projetodevida.org.br\/site\/wp-json\/wp\/v2\/users\/5"}],"replies":[{"embeddable":true,"href":"https:\/\/projetodevida.org.br\/site\/wp-json\/wp\/v2\/comments?post=16978"}],"version-history":[{"count":21,"href":"https:\/\/projetodevida.org.br\/site\/wp-json\/wp\/v2\/posts\/16978\/revisions"}],"predecessor-version":[{"id":17126,"href":"https:\/\/projetodevida.org.br\/site\/wp-json\/wp\/v2\/posts\/16978\/revisions\/17126"}],"wp:featuredmedia":[{"embeddable":true,"href":"https:\/\/projetodevida.org.br\/site\/wp-json\/wp\/v2\/media\/17063"}],"wp:attachment":[{"href":"https:\/\/projetodevida.org.br\/site\/wp-json\/wp\/v2\/media?parent=16978"}],"wp:term":[{"taxonomy":"category","embeddable":true,"href":"https:\/\/projetodevida.org.br\/site\/wp-json\/wp\/v2\/categories?post=16978"},{"taxonomy":"post_tag","embeddable":true,"href":"https:\/\/projetodevida.org.br\/site\/wp-json\/wp\/v2\/tags?post=16978"}],"curies":[{"name":"wp","href":"https:\/\/api.w.org\/{rel}","templated":true}]}}