{"id":17212,"date":"2023-04-24T09:58:00","date_gmt":"2023-04-24T12:58:00","guid":{"rendered":"https:\/\/projetodevida.org.br\/site\/?p=17212"},"modified":"2024-09-17T12:45:36","modified_gmt":"2024-09-17T15:45:36","slug":"apresentacao-do-castramovel","status":"publish","type":"post","link":"https:\/\/projetodevida.org.br\/site\/2023\/04\/24\/apresentacao-do-castramovel\/","title":{"rendered":"Apresenta\u00e7\u00e3o do Castram\u00f3vel"},"content":{"rendered":"<div id=\"themify_builder_content-17212\" data-postid=\"17212\" class=\"themify_builder_content themify_builder_content-17212 themify_builder\">\n\n    \t\n\t\t<!-- module_row -->\n\t\t\t<div  class=\"themify_builder_row module_row clearfix repeat fullwidth_row_container module_row_0 themify_builder_17212_row module_row_17212-0\">\n\t\t\t\t                                <div class=\"row_inner \"   data-basecol=\"2\" data-col_mobile=\"column-full\">\n\n                                    \n\t\t<div style=\"width:91%\" class=\"tb-column col4-2 first module_column tb_17212_column module_column_0 module_column_17212-0-0\" >\n                                                                <div class=\"tb-column-inner\">\n                            \n\n<!-- module text -->\n<div  id=\"text-17212-0-0-0\" class=\"module module-text text-17212-0-0-0  repeat \">\n    \n    <p>No dia 23\/04\/2023 , aconteceu a apresenta\u00e7\u00e3o do Castram\u00f3vel, na Feira de Contagem. Momento em que os profissionais do Castram\u00f3vel, tiraram todas as d\u00favidas dos visitantes, bem conheceram o ve\u00edculo.<br \/><br \/>Contamos com a presen\u00e7a do Carlin Moura e sua equipe, respons\u00e1vel pela destina\u00e7\u00e3o da emenda e o Sr. Jos\u00e9 Renato, representante da Secretaria Municipal de Sa\u00fade.<br \/><br \/>Agradecemos tamb\u00e9m a todos os colaboradores da equipe Projeto de Vida pela presen\u00e7a.<\/p><\/div>\n<!-- \/module text -->\n                        <\/div>\n                    \t\t<\/div>\n\t\t<!-- \/.tb-column -->\n\t\t\n\t\t\n\t\t<div style=\"width:5.8%\" class=\"tb-column col4-2 last module_column tb_17212_column module_column_1 module_column_17212-0-1\" >\n                                        \t\t<\/div>\n\t\t<!-- \/.tb-column -->\n\t\t\n\t\t\n                                <\/div>\n                                <!-- \/row_inner -->\n                        <\/div>\n                        <!-- \/module_row -->\n\t\t\t\n\t\t<!-- module_row -->\n\t\t\t<div  class=\"themify_builder_row module_row clearfix repeat fullwidth_row_container module_row_1 themify_builder_17212_row module_row_17212-1\">\n\t\t\t\t                                <div class=\"row_inner \" >\n\n                                    \n\t\t<div  class=\"tb-column col3-1 first module_column tb_17212_column module_column_0 module_column_17212-1-0\" >\n                                                                <div class=\"tb-column-inner\">\n                            \n\n    <!-- module image -->\n    <div  id=\"image-17212-1-0-0\" class=\"module module-image image-17212-1-0-0  image-top  \">\n\n        \n        <div class=\"image-wrap\">\n                            <img loading=\"lazy\" decoding=\"async\" width=\"1280\" height=\"960\" src=\"https:\/\/projetodevida.org.br\/site\/wp-content\/uploads\/2024\/08\/WhatsApp-Image-2023-04-24-at-12.14.37.jpeg\" class=\" wp-post-image wp-image-17216\" alt=\"WhatsApp Image 2023-04-24 at 12.14.37\" srcset=\"https:\/\/projetodevida.org.br\/site\/wp-content\/uploads\/2024\/08\/WhatsApp-Image-2023-04-24-at-12.14.37.jpeg 1280w, https:\/\/projetodevida.org.br\/site\/wp-content\/uploads\/2024\/08\/WhatsApp-Image-2023-04-24-at-12.14.37-300x225.jpeg 300w, https:\/\/projetodevida.org.br\/site\/wp-content\/uploads\/2024\/08\/WhatsApp-Image-2023-04-24-at-12.14.37-1024x768.jpeg 1024w, https:\/\/projetodevida.org.br\/site\/wp-content\/uploads\/2024\/08\/WhatsApp-Image-2023-04-24-at-12.14.37-768x576.jpeg 768w\" sizes=\"auto, (max-width: 1280px) 100vw, 1280px\" \/>            \n                        <\/div>\n            <!-- \/image-wrap -->\n        \n        \n            <\/div>\n    <!-- \/module image -->\n\n                        <\/div>\n                    \t\t<\/div>\n\t\t<!-- \/.tb-column -->\n\t\t\n\t\t\n\t\t<div  class=\"tb-column col3-1 middle module_column tb_17212_column module_column_1 module_column_17212-1-1\" >\n                                                                <div class=\"tb-column-inner\">\n                            \n\n    <!-- module image -->\n    <div  id=\"image-17212-1-1-0\" class=\"module module-image image-17212-1-1-0  image-top  \">\n\n        \n        <div class=\"image-wrap\">\n                            <img loading=\"lazy\" decoding=\"async\" width=\"1600\" height=\"1200\" src=\"https:\/\/projetodevida.org.br\/site\/wp-content\/uploads\/2024\/08\/WhatsApp-Image-2023-04-24-at-12.14.41.jpeg\" class=\" wp-post-image wp-image-17214\" alt=\"WhatsApp Image 2023-04-24 at 12.14.41\" srcset=\"https:\/\/projetodevida.org.br\/site\/wp-content\/uploads\/2024\/08\/WhatsApp-Image-2023-04-24-at-12.14.41.jpeg 1600w, https:\/\/projetodevida.org.br\/site\/wp-content\/uploads\/2024\/08\/WhatsApp-Image-2023-04-24-at-12.14.41-300x225.jpeg 300w, https:\/\/projetodevida.org.br\/site\/wp-content\/uploads\/2024\/08\/WhatsApp-Image-2023-04-24-at-12.14.41-1024x768.jpeg 1024w, https:\/\/projetodevida.org.br\/site\/wp-content\/uploads\/2024\/08\/WhatsApp-Image-2023-04-24-at-12.14.41-768x576.jpeg 768w, https:\/\/projetodevida.org.br\/site\/wp-content\/uploads\/2024\/08\/WhatsApp-Image-2023-04-24-at-12.14.41-1536x1152.jpeg 1536w\" sizes=\"auto, (max-width: 1600px) 100vw, 1600px\" \/>            \n                        <\/div>\n            <!-- \/image-wrap -->\n        \n        \n            <\/div>\n    <!-- \/module image -->\n\n                        <\/div>\n                    \t\t<\/div>\n\t\t<!-- \/.tb-column -->\n\t\t\n\t\t\n\t\t<div  class=\"tb-column col3-1 last module_column tb_17212_column module_column_2 module_column_17212-1-2\" >\n                                                                <div class=\"tb-column-inner\">\n                            \n\n    <!-- module image -->\n    <div  id=\"image-17212-1-2-0\" class=\"module module-image image-17212-1-2-0  image-top  \">\n\n        \n        <div class=\"image-wrap\">\n                            <img loading=\"lazy\" decoding=\"async\" width=\"1600\" height=\"1200\" src=\"https:\/\/projetodevida.org.br\/site\/wp-content\/uploads\/2024\/08\/WhatsApp-Image-2023-04-24-at-12.14.41-1.jpeg\" class=\" wp-post-image wp-image-17219\" alt=\"WhatsApp Image 2023-04-24 at 12.14.41 (1)\" srcset=\"https:\/\/projetodevida.org.br\/site\/wp-content\/uploads\/2024\/08\/WhatsApp-Image-2023-04-24-at-12.14.41-1.jpeg 1600w, https:\/\/projetodevida.org.br\/site\/wp-content\/uploads\/2024\/08\/WhatsApp-Image-2023-04-24-at-12.14.41-1-300x225.jpeg 300w, https:\/\/projetodevida.org.br\/site\/wp-content\/uploads\/2024\/08\/WhatsApp-Image-2023-04-24-at-12.14.41-1-1024x768.jpeg 1024w, https:\/\/projetodevida.org.br\/site\/wp-content\/uploads\/2024\/08\/WhatsApp-Image-2023-04-24-at-12.14.41-1-768x576.jpeg 768w, https:\/\/projetodevida.org.br\/site\/wp-content\/uploads\/2024\/08\/WhatsApp-Image-2023-04-24-at-12.14.41-1-1536x1152.jpeg 1536w\" sizes=\"auto, (max-width: 1600px) 100vw, 1600px\" \/>            \n                        <\/div>\n            <!-- \/image-wrap -->\n        \n        \n            <\/div>\n    <!-- \/module image -->\n\n                        <\/div>\n                    \t\t<\/div>\n\t\t<!-- \/.tb-column -->\n\t\t\n\t\t\n                                <\/div>\n                                <!-- \/row_inner -->\n                        <\/div>\n                        <!-- \/module_row -->\n\t\t\t\n\t\t<!-- module_row -->\n\t\t\t<div  class=\"themify_builder_row module_row clearfix module_row_2 themify_builder_17212_row module_row_17212-2\">\n\t\t\t\t                                <div class=\"row_inner \" >\n\n                                    \n\t\t<div  class=\"tb-column col3-1 first module_column tb_17212_column module_column_0 module_column_17212-2-0\" >\n                                                                <div class=\"tb-column-inner\">\n                            \n\n    <!-- module image -->\n    <div  id=\"image-17212-2-0-0\" class=\"module module-image image-17212-2-0-0  image-top  \">\n\n        \n        <div class=\"image-wrap\">\n                            <img loading=\"lazy\" decoding=\"async\" width=\"1200\" height=\"1600\" src=\"https:\/\/projetodevida.org.br\/site\/wp-content\/uploads\/2024\/08\/WhatsApp-Image-2023-04-24-at-12.14.43-1.jpeg\" class=\" wp-post-image wp-image-17218\" alt=\"WhatsApp Image 2023-04-24 at 12.14.43 (1)\" srcset=\"https:\/\/projetodevida.org.br\/site\/wp-content\/uploads\/2024\/08\/WhatsApp-Image-2023-04-24-at-12.14.43-1.jpeg 1200w, https:\/\/projetodevida.org.br\/site\/wp-content\/uploads\/2024\/08\/WhatsApp-Image-2023-04-24-at-12.14.43-1-225x300.jpeg 225w, https:\/\/projetodevida.org.br\/site\/wp-content\/uploads\/2024\/08\/WhatsApp-Image-2023-04-24-at-12.14.43-1-768x1024.jpeg 768w, https:\/\/projetodevida.org.br\/site\/wp-content\/uploads\/2024\/08\/WhatsApp-Image-2023-04-24-at-12.14.43-1-1152x1536.jpeg 1152w\" sizes=\"auto, (max-width: 1200px) 100vw, 1200px\" \/>            \n                        <\/div>\n            <!-- \/image-wrap -->\n        \n        \n            <\/div>\n    <!-- \/module image -->\n\n                        <\/div>\n                    \t\t<\/div>\n\t\t<!-- \/.tb-column -->\n\t\t\n\t\t\n\t\t<div  class=\"tb-column col3-1 middle module_column tb_17212_column module_column_1 module_column_17212-2-1\" >\n                                                                <div class=\"tb-column-inner\">\n                            \n\n    <!-- module image -->\n    <div  id=\"image-17212-2-1-0\" class=\"module module-image image-17212-2-1-0  image-top  \">\n\n        \n        <div class=\"image-wrap\">\n                            <img loading=\"lazy\" decoding=\"async\" width=\"1200\" height=\"1600\" src=\"https:\/\/projetodevida.org.br\/site\/wp-content\/uploads\/2024\/08\/WhatsApp-Image-2023-04-24-at-12.14.46-1.jpeg\" class=\" wp-post-image wp-image-17215\" alt=\"WhatsApp Image 2023-04-24 at 12.14.46 (1)\" srcset=\"https:\/\/projetodevida.org.br\/site\/wp-content\/uploads\/2024\/08\/WhatsApp-Image-2023-04-24-at-12.14.46-1.jpeg 1200w, https:\/\/projetodevida.org.br\/site\/wp-content\/uploads\/2024\/08\/WhatsApp-Image-2023-04-24-at-12.14.46-1-225x300.jpeg 225w, https:\/\/projetodevida.org.br\/site\/wp-content\/uploads\/2024\/08\/WhatsApp-Image-2023-04-24-at-12.14.46-1-768x1024.jpeg 768w, https:\/\/projetodevida.org.br\/site\/wp-content\/uploads\/2024\/08\/WhatsApp-Image-2023-04-24-at-12.14.46-1-1152x1536.jpeg 1152w\" sizes=\"auto, (max-width: 1200px) 100vw, 1200px\" \/>            \n                        <\/div>\n            <!-- \/image-wrap -->\n        \n        \n            <\/div>\n    <!-- \/module image -->\n\n                        <\/div>\n                    \t\t<\/div>\n\t\t<!-- \/.tb-column -->\n\t\t\n\t\t\n\t\t<div  class=\"tb-column col3-1 last module_column tb_17212_column module_column_2 module_column_17212-2-2\" >\n                                                                <div class=\"tb-column-inner\">\n                            \n\n    <!-- module image -->\n    <div  id=\"image-17212-2-2-0\" class=\"module module-image image-17212-2-2-0  image-top  \">\n\n        \n        <div class=\"image-wrap\">\n                            <img loading=\"lazy\" decoding=\"async\" width=\"1200\" height=\"1600\" src=\"https:\/\/projetodevida.org.br\/site\/wp-content\/uploads\/2024\/08\/WhatsApp-Image-2023-04-24-at-12.14.41-3.jpeg\" class=\" wp-post-image wp-image-17217\" alt=\"WhatsApp Image 2023-04-24 at 12.14.41 (3)\" srcset=\"https:\/\/projetodevida.org.br\/site\/wp-content\/uploads\/2024\/08\/WhatsApp-Image-2023-04-24-at-12.14.41-3.jpeg 1200w, https:\/\/projetodevida.org.br\/site\/wp-content\/uploads\/2024\/08\/WhatsApp-Image-2023-04-24-at-12.14.41-3-225x300.jpeg 225w, https:\/\/projetodevida.org.br\/site\/wp-content\/uploads\/2024\/08\/WhatsApp-Image-2023-04-24-at-12.14.41-3-768x1024.jpeg 768w, https:\/\/projetodevida.org.br\/site\/wp-content\/uploads\/2024\/08\/WhatsApp-Image-2023-04-24-at-12.14.41-3-1152x1536.jpeg 1152w\" sizes=\"auto, (max-width: 1200px) 100vw, 1200px\" \/>            \n                        <\/div>\n            <!-- \/image-wrap -->\n        \n        \n            <\/div>\n    <!-- \/module image -->\n\n                        <\/div>\n                    \t\t<\/div>\n\t\t<!-- \/.tb-column -->\n\t\t\n\t\t\n                                <\/div>\n                                <!-- \/row_inner -->\n                        <\/div>\n                        <!-- \/module_row -->\n\t\t<\/div>\n\n","protected":false},"excerpt":{"rendered":"<p>No dia 23\/04\/2023 , aconteceu a apresenta\u00e7\u00e3o do Castram\u00f3vel, na Feira de Contagem. Momento em que os profissionais do Castram\u00f3vel, tiraram todas as d\u00favidas dos visitantes, bem conheceram o ve\u00edculo. Contamos com a presen\u00e7a do Carlin Moura e sua equipe, respons\u00e1vel pela destina\u00e7\u00e3o da emenda e o Sr. Jos\u00e9 Renato, representante da Secretaria Municipal de [&hellip;]<\/p>\n","protected":false},"author":5,"featured_media":17216,"comment_status":"open","ping_status":"open","sticky":false,"template":"","format":"standard","meta":{"footnotes":""},"categories":[1,6,4],"tags":[],"class_list":["post-17212","post","type-post","status-publish","format-standard","has-post-thumbnail","hentry","category-acoes","category-galeria-de-fotos","category-noticias","has-post-title","no-post-date","has-post-category","has-post-tag","has-post-comment","has-post-author",""," cat-1"," cat-6"," cat-4"],"_links":{"self":[{"href":"https:\/\/projetodevida.org.br\/site\/wp-json\/wp\/v2\/posts\/17212","targetHints":{"allow":["GET"]}}],"collection":[{"href":"https:\/\/projetodevida.org.br\/site\/wp-json\/wp\/v2\/posts"}],"about":[{"href":"https:\/\/projetodevida.org.br\/site\/wp-json\/wp\/v2\/types\/post"}],"author":[{"embeddable":true,"href":"https:\/\/projetodevida.org.br\/site\/wp-json\/wp\/v2\/users\/5"}],"replies":[{"embeddable":true,"href":"https:\/\/projetodevida.org.br\/site\/wp-json\/wp\/v2\/comments?post=17212"}],"version-history":[{"count":17,"href":"https:\/\/projetodevida.org.br\/site\/wp-json\/wp\/v2\/posts\/17212\/revisions"}],"predecessor-version":[{"id":17377,"href":"https:\/\/projetodevida.org.br\/site\/wp-json\/wp\/v2\/posts\/17212\/revisions\/17377"}],"wp:featuredmedia":[{"embeddable":true,"href":"https:\/\/projetodevida.org.br\/site\/wp-json\/wp\/v2\/media\/17216"}],"wp:attachment":[{"href":"https:\/\/projetodevida.org.br\/site\/wp-json\/wp\/v2\/media?parent=17212"}],"wp:term":[{"taxonomy":"category","embeddable":true,"href":"https:\/\/projetodevida.org.br\/site\/wp-json\/wp\/v2\/categories?post=17212"},{"taxonomy":"post_tag","embeddable":true,"href":"https:\/\/projetodevida.org.br\/site\/wp-json\/wp\/v2\/tags?post=17212"}],"curies":[{"name":"wp","href":"https:\/\/api.w.org\/{rel}","templated":true}]}}