{"id":17234,"date":"2023-04-17T10:15:21","date_gmt":"2023-04-17T13:15:21","guid":{"rendered":"https:\/\/projetodevida.org.br\/site\/?p=17234"},"modified":"2024-09-17T12:46:08","modified_gmt":"2024-09-17T15:46:08","slug":"pascoa-2023","status":"publish","type":"post","link":"https:\/\/projetodevida.org.br\/site\/2023\/04\/17\/pascoa-2023\/","title":{"rendered":"P\u00e1scoa 2023"},"content":{"rendered":"<div id=\"themify_builder_content-17234\" data-postid=\"17234\" class=\"themify_builder_content themify_builder_content-17234 themify_builder\">\n\n    \t\n\t\t<!-- module_row -->\n\t\t\t<div  class=\"themify_builder_row module_row clearfix repeat fullwidth_row_container module_row_0 themify_builder_17234_row module_row_17234-0\">\n\t\t\t\t                                <div class=\"row_inner \"   data-basecol=\"2\" data-col_mobile=\"column-full\">\n\n                                    \n\t\t<div style=\"width:59%\" class=\"tb-column col4-2 first module_column tb_17234_column module_column_0 module_column_17234-0-0\" >\n                                                                <div class=\"tb-column-inner\">\n                            \n\n<!-- module text -->\n<div  id=\"text-17234-0-0-0\" class=\"module module-text text-17234-0-0-0  repeat \">\n    \n    <p>Com a chegada da P\u00e1scoa, as nossas alunas da Gin\u00e1stica celebraram essa data, transbordando alegria e uni\u00e3o, os\u00a0alunos da Seresta e as Meninas Arteiras tamb\u00e9m se reuniram para celebrar a P\u00e1scoa com m\u00fasica boa, lanche compartilhado e amigo chocolate! Momento de uni\u00e3o, reflex\u00e3o e esperan\u00e7a! A A\u00e7\u00e3o de P\u00e1scoa com nossos alunos do turno da manh\u00e3 e da tarde, com jogos e ca\u00e7a aos ovos teve momentos de divers\u00e3o, aprendizados, uni\u00e3o e demonstra\u00e7\u00e3o de companheirismo entres os alunos.<\/p><\/div>\n<!-- \/module text -->\n\n\n    <!-- module buttons -->\n    <div  id=\"buttons-17234-0-0-1\" class=\"module module-buttons buttons-17234-0-0-1  \">\n\n        \n        <div class=\"module-buttons normal rounded\">\n                            <div class=\"module-buttons-item\">\n                                            <a href=\"https:\/\/www.facebook.com\/media\/set\/?set=a.635897281905018&#038;type=3\" class=\"ui builder_button red\"  target=\"_blank\" rel=\"noopener\">\n                                                                        <i class=\"https:\/\/www.facebook.com\/media\/set\/?set=a.5990737077672362&type=3\"><\/i>\n                                                <span>Clique aqui para acessar todas as fotos do evento<\/span>\n                                                <\/a>\n                                    <\/div>\n                    <\/div>\n    <\/div>\n    <!-- \/module buttons -->\n\n                        <\/div>\n                    \t\t<\/div>\n\t\t<!-- \/.tb-column -->\n\t\t\n\t\t\n\t\t<div style=\"width:37.8%\" class=\"tb-column col4-2 last module_column tb_17234_column module_column_1 module_column_17234-0-1\" >\n                                                                <div class=\"tb-column-inner\">\n                            \n\n\n    <!-- module video -->\n    <div  id=\"video-17234-0-1-0\" class=\"module module-video video-17234-0-1-0 video-top   \">\n\n        \n        <div class=\"video-wrap\">\n            <iframe loading=\"lazy\" title=\"P\u00e1scoa 2023\" width=\"1165\" height=\"655\" src=\"https:\/\/www.youtube.com\/embed\/u0mGH0cGJ4U?feature=oembed\"  allow=\"accelerometer; autoplay; clipboard-write; encrypted-media; gyroscope; picture-in-picture; web-share\" referrerpolicy=\"strict-origin-when-cross-origin\" allowfullscreen><\/iframe>        <\/div>\n        <!-- \/video-wrap -->\n\n            <\/div>\n    <!-- \/module video -->\n    \n                        <\/div>\n                    \t\t<\/div>\n\t\t<!-- \/.tb-column -->\n\t\t\n\t\t\n                                <\/div>\n                                <!-- \/row_inner -->\n                        <\/div>\n                        <!-- \/module_row -->\n\t\t\t\n\t\t<!-- module_row -->\n\t\t\t<div  class=\"themify_builder_row module_row clearfix repeat fullwidth_row_container module_row_1 themify_builder_17234_row module_row_17234-1\">\n\t\t\t\t                                <div class=\"row_inner \" >\n\n                                    \n\t\t<div  class=\"tb-column col3-1 first module_column tb_17234_column module_column_0 module_column_17234-1-0\" >\n                                                                <div class=\"tb-column-inner\">\n                            \n\n    <!-- module image -->\n    <div  id=\"image-17234-1-0-0\" class=\"module module-image image-17234-1-0-0  image-top  \">\n\n        \n        <div class=\"image-wrap\">\n                            <img loading=\"lazy\" decoding=\"async\" width=\"1157\" height=\"774\" src=\"https:\/\/projetodevida.org.br\/site\/wp-content\/uploads\/2024\/08\/WhatsApp-Image-2024-08-20-at-10.36.07.jpeg\" class=\" wp-post-image wp-image-17241\" alt=\"WhatsApp Image 2024-08-20 at 10.36.07\" srcset=\"https:\/\/projetodevida.org.br\/site\/wp-content\/uploads\/2024\/08\/WhatsApp-Image-2024-08-20-at-10.36.07.jpeg 1157w, https:\/\/projetodevida.org.br\/site\/wp-content\/uploads\/2024\/08\/WhatsApp-Image-2024-08-20-at-10.36.07-300x201.jpeg 300w, https:\/\/projetodevida.org.br\/site\/wp-content\/uploads\/2024\/08\/WhatsApp-Image-2024-08-20-at-10.36.07-1024x685.jpeg 1024w, https:\/\/projetodevida.org.br\/site\/wp-content\/uploads\/2024\/08\/WhatsApp-Image-2024-08-20-at-10.36.07-768x514.jpeg 768w\" sizes=\"auto, (max-width: 1157px) 100vw, 1157px\" \/>            \n                        <\/div>\n            <!-- \/image-wrap -->\n        \n        \n            <\/div>\n    <!-- \/module image -->\n\n                        <\/div>\n                    \t\t<\/div>\n\t\t<!-- \/.tb-column -->\n\t\t\n\t\t\n\t\t<div  class=\"tb-column col3-1 middle module_column tb_17234_column module_column_1 module_column_17234-1-1\" >\n                                                                <div class=\"tb-column-inner\">\n                            \n\n    <!-- module image -->\n    <div  id=\"image-17234-1-1-0\" class=\"module module-image image-17234-1-1-0  image-top  \">\n\n        \n        <div class=\"image-wrap\">\n                            <img loading=\"lazy\" decoding=\"async\" width=\"1600\" height=\"1066\" src=\"https:\/\/projetodevida.org.br\/site\/wp-content\/uploads\/2024\/08\/WhatsApp-Image-2024-08-20-at-10.37.26.jpeg\" class=\" wp-post-image wp-image-17242\" alt=\"WhatsApp Image 2024-08-20 at 10.37.26\" srcset=\"https:\/\/projetodevida.org.br\/site\/wp-content\/uploads\/2024\/08\/WhatsApp-Image-2024-08-20-at-10.37.26.jpeg 1600w, https:\/\/projetodevida.org.br\/site\/wp-content\/uploads\/2024\/08\/WhatsApp-Image-2024-08-20-at-10.37.26-300x200.jpeg 300w, https:\/\/projetodevida.org.br\/site\/wp-content\/uploads\/2024\/08\/WhatsApp-Image-2024-08-20-at-10.37.26-1024x682.jpeg 1024w, https:\/\/projetodevida.org.br\/site\/wp-content\/uploads\/2024\/08\/WhatsApp-Image-2024-08-20-at-10.37.26-768x512.jpeg 768w, https:\/\/projetodevida.org.br\/site\/wp-content\/uploads\/2024\/08\/WhatsApp-Image-2024-08-20-at-10.37.26-1536x1023.jpeg 1536w\" sizes=\"auto, (max-width: 1600px) 100vw, 1600px\" \/>            \n                        <\/div>\n            <!-- \/image-wrap -->\n        \n        \n            <\/div>\n    <!-- \/module image -->\n\n                        <\/div>\n                    \t\t<\/div>\n\t\t<!-- \/.tb-column -->\n\t\t\n\t\t\n\t\t<div  class=\"tb-column col3-1 last module_column tb_17234_column module_column_2 module_column_17234-1-2\" >\n                                                                <div class=\"tb-column-inner\">\n                            \n\n    <!-- module image -->\n    <div  id=\"image-17234-1-2-0\" class=\"module module-image image-17234-1-2-0  image-top  \">\n\n        \n        <div class=\"image-wrap\">\n                            <img loading=\"lazy\" decoding=\"async\" width=\"2560\" height=\"1707\" src=\"https:\/\/projetodevida.org.br\/site\/wp-content\/uploads\/2024\/08\/IMG_7044-scaled.jpg\" class=\" wp-post-image wp-image-17240\" alt=\"IMG_7044\" srcset=\"https:\/\/projetodevida.org.br\/site\/wp-content\/uploads\/2024\/08\/IMG_7044-scaled.jpg 2560w, https:\/\/projetodevida.org.br\/site\/wp-content\/uploads\/2024\/08\/IMG_7044-300x200.jpg 300w, https:\/\/projetodevida.org.br\/site\/wp-content\/uploads\/2024\/08\/IMG_7044-1024x683.jpg 1024w, https:\/\/projetodevida.org.br\/site\/wp-content\/uploads\/2024\/08\/IMG_7044-768x512.jpg 768w, https:\/\/projetodevida.org.br\/site\/wp-content\/uploads\/2024\/08\/IMG_7044-1536x1024.jpg 1536w, https:\/\/projetodevida.org.br\/site\/wp-content\/uploads\/2024\/08\/IMG_7044-2048x1365.jpg 2048w\" sizes=\"auto, (max-width: 2560px) 100vw, 2560px\" \/>            \n                        <\/div>\n            <!-- \/image-wrap -->\n        \n        \n            <\/div>\n    <!-- \/module image -->\n\n                        <\/div>\n                    \t\t<\/div>\n\t\t<!-- \/.tb-column -->\n\t\t\n\t\t\n                                <\/div>\n                                <!-- \/row_inner -->\n                        <\/div>\n                        <!-- \/module_row -->\n\t\t\t\n\t\t<!-- module_row -->\n\t\t\t<div  class=\"themify_builder_row module_row clearfix module_row_2 themify_builder_17234_row module_row_17234-2\">\n\t\t\t\t                                <div class=\"row_inner \" >\n\n                                    \n\t\t<div  class=\"tb-column col3-1 first module_column tb_17234_column module_column_0 module_column_17234-2-0\" >\n                                                                <div class=\"tb-column-inner\">\n                            \n\n    <!-- module image -->\n    <div  id=\"image-17234-2-0-0\" class=\"module module-image image-17234-2-0-0  image-top  \">\n\n        \n        <div class=\"image-wrap\">\n                            <img loading=\"lazy\" decoding=\"async\" width=\"1600\" height=\"737\" src=\"https:\/\/projetodevida.org.br\/site\/wp-content\/uploads\/2024\/08\/WhatsApp-Image-2023-04-04-at-16.24.11.jpeg\" class=\" wp-post-image wp-image-17239\" alt=\"WhatsApp Image 2023-04-04 at 16.24.11\" srcset=\"https:\/\/projetodevida.org.br\/site\/wp-content\/uploads\/2024\/08\/WhatsApp-Image-2023-04-04-at-16.24.11.jpeg 1600w, https:\/\/projetodevida.org.br\/site\/wp-content\/uploads\/2024\/08\/WhatsApp-Image-2023-04-04-at-16.24.11-300x138.jpeg 300w, https:\/\/projetodevida.org.br\/site\/wp-content\/uploads\/2024\/08\/WhatsApp-Image-2023-04-04-at-16.24.11-1024x472.jpeg 1024w, https:\/\/projetodevida.org.br\/site\/wp-content\/uploads\/2024\/08\/WhatsApp-Image-2023-04-04-at-16.24.11-768x354.jpeg 768w, https:\/\/projetodevida.org.br\/site\/wp-content\/uploads\/2024\/08\/WhatsApp-Image-2023-04-04-at-16.24.11-1536x708.jpeg 1536w\" sizes=\"auto, (max-width: 1600px) 100vw, 1600px\" \/>            \n                        <\/div>\n            <!-- \/image-wrap -->\n        \n        \n            <\/div>\n    <!-- \/module image -->\n\n                        <\/div>\n                    \t\t<\/div>\n\t\t<!-- \/.tb-column -->\n\t\t\n\t\t\n\t\t<div  class=\"tb-column col3-1 middle module_column tb_17234_column module_column_1 module_column_17234-2-1\" >\n                                                                <div class=\"tb-column-inner\">\n                            \n\n    <!-- module image -->\n    <div  id=\"image-17234-2-1-0\" class=\"module module-image image-17234-2-1-0  image-top  \">\n\n        \n        <div class=\"image-wrap\">\n                            <img loading=\"lazy\" decoding=\"async\" width=\"2560\" height=\"1707\" src=\"https:\/\/projetodevida.org.br\/site\/wp-content\/uploads\/2024\/08\/IMG_7039-scaled.jpg\" class=\" wp-post-image wp-image-17237\" alt=\"IMG_7039\" srcset=\"https:\/\/projetodevida.org.br\/site\/wp-content\/uploads\/2024\/08\/IMG_7039-scaled.jpg 2560w, https:\/\/projetodevida.org.br\/site\/wp-content\/uploads\/2024\/08\/IMG_7039-300x200.jpg 300w, https:\/\/projetodevida.org.br\/site\/wp-content\/uploads\/2024\/08\/IMG_7039-1024x683.jpg 1024w, https:\/\/projetodevida.org.br\/site\/wp-content\/uploads\/2024\/08\/IMG_7039-768x512.jpg 768w, https:\/\/projetodevida.org.br\/site\/wp-content\/uploads\/2024\/08\/IMG_7039-1536x1024.jpg 1536w, https:\/\/projetodevida.org.br\/site\/wp-content\/uploads\/2024\/08\/IMG_7039-2048x1365.jpg 2048w\" sizes=\"auto, (max-width: 2560px) 100vw, 2560px\" \/>            \n                        <\/div>\n            <!-- \/image-wrap -->\n        \n        \n            <\/div>\n    <!-- \/module image -->\n\n                        <\/div>\n                    \t\t<\/div>\n\t\t<!-- \/.tb-column -->\n\t\t\n\t\t\n\t\t<div  class=\"tb-column col3-1 last module_column tb_17234_column module_column_2 module_column_17234-2-2\" >\n                                                                <div class=\"tb-column-inner\">\n                            \n\n    <!-- module image -->\n    <div  id=\"image-17234-2-2-0\" class=\"module module-image image-17234-2-2-0  image-top  \">\n\n        \n        <div class=\"image-wrap\">\n                            <img loading=\"lazy\" decoding=\"async\" width=\"1600\" height=\"739\" src=\"https:\/\/projetodevida.org.br\/site\/wp-content\/uploads\/2024\/08\/WhatsApp-Image-2023-04-12-at-15.31.40-1.jpeg\" class=\" wp-post-image wp-image-17238\" alt=\"WhatsApp Image 2023-04-12 at 15.31.40 (1)\" srcset=\"https:\/\/projetodevida.org.br\/site\/wp-content\/uploads\/2024\/08\/WhatsApp-Image-2023-04-12-at-15.31.40-1.jpeg 1600w, https:\/\/projetodevida.org.br\/site\/wp-content\/uploads\/2024\/08\/WhatsApp-Image-2023-04-12-at-15.31.40-1-300x139.jpeg 300w, https:\/\/projetodevida.org.br\/site\/wp-content\/uploads\/2024\/08\/WhatsApp-Image-2023-04-12-at-15.31.40-1-1024x473.jpeg 1024w, https:\/\/projetodevida.org.br\/site\/wp-content\/uploads\/2024\/08\/WhatsApp-Image-2023-04-12-at-15.31.40-1-768x355.jpeg 768w, https:\/\/projetodevida.org.br\/site\/wp-content\/uploads\/2024\/08\/WhatsApp-Image-2023-04-12-at-15.31.40-1-1536x709.jpeg 1536w\" sizes=\"auto, (max-width: 1600px) 100vw, 1600px\" \/>            \n                        <\/div>\n            <!-- \/image-wrap -->\n        \n        \n            <\/div>\n    <!-- \/module image -->\n\n                        <\/div>\n                    \t\t<\/div>\n\t\t<!-- \/.tb-column -->\n\t\t\n\t\t\n                                <\/div>\n                                <!-- \/row_inner -->\n                        <\/div>\n                        <!-- \/module_row -->\n\t\t<\/div>\n\n","protected":false},"excerpt":{"rendered":"<p>Com a chegada da P\u00e1scoa, as nossas alunas da Gin\u00e1stica celebraram essa data, transbordando alegria e uni\u00e3o, os\u00a0alunos da Seresta e as Meninas Arteiras tamb\u00e9m se reuniram para celebrar a P\u00e1scoa com m\u00fasica boa, lanche compartilhado e amigo chocolate! Momento de uni\u00e3o, reflex\u00e3o e esperan\u00e7a! A A\u00e7\u00e3o de P\u00e1scoa com nossos alunos do turno da [&hellip;]<\/p>\n","protected":false},"author":5,"featured_media":17241,"comment_status":"open","ping_status":"open","sticky":false,"template":"","format":"standard","meta":{"footnotes":""},"categories":[1,6,4],"tags":[],"class_list":["post-17234","post","type-post","status-publish","format-standard","has-post-thumbnail","hentry","category-acoes","category-galeria-de-fotos","category-noticias","has-post-title","no-post-date","has-post-category","has-post-tag","has-post-comment","has-post-author",""," cat-1"," cat-6"," cat-4"],"_links":{"self":[{"href":"https:\/\/projetodevida.org.br\/site\/wp-json\/wp\/v2\/posts\/17234","targetHints":{"allow":["GET"]}}],"collection":[{"href":"https:\/\/projetodevida.org.br\/site\/wp-json\/wp\/v2\/posts"}],"about":[{"href":"https:\/\/projetodevida.org.br\/site\/wp-json\/wp\/v2\/types\/post"}],"author":[{"embeddable":true,"href":"https:\/\/projetodevida.org.br\/site\/wp-json\/wp\/v2\/users\/5"}],"replies":[{"embeddable":true,"href":"https:\/\/projetodevida.org.br\/site\/wp-json\/wp\/v2\/comments?post=17234"}],"version-history":[{"count":12,"href":"https:\/\/projetodevida.org.br\/site\/wp-json\/wp\/v2\/posts\/17234\/revisions"}],"predecessor-version":[{"id":17379,"href":"https:\/\/projetodevida.org.br\/site\/wp-json\/wp\/v2\/posts\/17234\/revisions\/17379"}],"wp:featuredmedia":[{"embeddable":true,"href":"https:\/\/projetodevida.org.br\/site\/wp-json\/wp\/v2\/media\/17241"}],"wp:attachment":[{"href":"https:\/\/projetodevida.org.br\/site\/wp-json\/wp\/v2\/media?parent=17234"}],"wp:term":[{"taxonomy":"category","embeddable":true,"href":"https:\/\/projetodevida.org.br\/site\/wp-json\/wp\/v2\/categories?post=17234"},{"taxonomy":"post_tag","embeddable":true,"href":"https:\/\/projetodevida.org.br\/site\/wp-json\/wp\/v2\/tags?post=17234"}],"curies":[{"name":"wp","href":"https:\/\/api.w.org\/{rel}","templated":true}]}}