{"id":17251,"date":"2023-05-12T11:04:33","date_gmt":"2023-05-12T14:04:33","guid":{"rendered":"https:\/\/projetodevida.org.br\/site\/?p=17251"},"modified":"2024-09-17T12:58:37","modified_gmt":"2024-09-17T15:58:37","slug":"24-anos-projeto-de-vida","status":"publish","type":"post","link":"https:\/\/projetodevida.org.br\/site\/2023\/05\/12\/24-anos-projeto-de-vida\/","title":{"rendered":"24 anos Projeto de Vida"},"content":{"rendered":"<div id=\"themify_builder_content-17251\" data-postid=\"17251\" class=\"themify_builder_content themify_builder_content-17251 themify_builder\">\n\n    \t\n\t\t<!-- module_row -->\n\t\t\t<div  class=\"themify_builder_row module_row clearfix repeat fullwidth_row_container module_row_0 themify_builder_17251_row module_row_17251-0\">\n\t\t\t\t                                <div class=\"row_inner \"   data-basecol=\"2\" data-col_mobile=\"column-full\">\n\n                                    \n\t\t<div style=\"width:92%\" class=\"tb-column col4-2 first module_column tb_17251_column module_column_0 module_column_17251-0-0\" >\n                                                                <div class=\"tb-column-inner\">\n                            \n\n<!-- module text -->\n<div  id=\"text-17251-0-0-0\" class=\"module module-text text-17251-0-0-0  repeat \">\n    \n    <p>Ontem foi um dia muito especial! Comemoramos os 24 anos de hist\u00f3ria do Projeto de Vida!<br \/>\u00c9 com grande orgulho que olhamos para tr\u00e1s e percebemos o quanto j\u00e1 realizamos em prol da nossa comunidade.<br \/>Sabemos que ainda h\u00e1 muito a ser feito, mas acreditamos que, com a uni\u00e3o e o empenho de todos, podemos continuar transformando vidas e fazendo a diferen\u00e7a.<br \/>Agradecemos pela presen\u00e7a de cada volunt\u00e1rio, parceiro, aluno, colaborador e doador que contribuiu de alguma forma para o crescimento da nossa organiza\u00e7\u00e3o.<br \/>Agradecemos tamb\u00e9m, ao\u00a0<a class=\"x1i10hfl xjbqb8w x1ejq31n xd10rxx x1sy0etr x17r0tee x972fbf xcfux6l x1qhh985 xm0m39n x9f619 x1ypdohk xt0psk2 xe8uvvx xdj266r x11i5rnm xat24cr x1mh8g0r xexx8yu x4uap5 x18d9i69 xkhd6sd x16tdsg8 x1hl2dhg xggy1nq x1a2a7pz notranslate _a6hd\" tabindex=\"0\" role=\"link\" href=\"https:\/\/www.instagram.com\/marcelo.palhacomaritaca\/\">@marcelo.palhacomaritaca<\/a> , por aceitar fazer parte desse espet\u00e1culo, trazendo momentos de alegria e reflex\u00e3o para o p\u00fablico.<br \/>Voc\u00eas s\u00e3o pe\u00e7as fundamentais nessa jornada!<br \/>Parab\u00e9ns a todos n\u00f3s!<\/p><\/div>\n<!-- \/module text -->\n                        <\/div>\n                    \t\t<\/div>\n\t\t<!-- \/.tb-column -->\n\t\t\n\t\t\n\t\t<div style=\"width:4.8%\" class=\"tb-column col4-2 last module_column tb_17251_column module_column_1 module_column_17251-0-1\" >\n                                        \t\t<\/div>\n\t\t<!-- \/.tb-column -->\n\t\t\n\t\t\n                                <\/div>\n                                <!-- \/row_inner -->\n                        <\/div>\n                        <!-- \/module_row -->\n\t\t\t\n\t\t<!-- module_row -->\n\t\t\t<div  class=\"themify_builder_row module_row clearfix repeat fullwidth_row_container module_row_1 themify_builder_17251_row module_row_17251-1\">\n\t\t\t\t                                <div class=\"row_inner \" >\n\n                                    \n\t\t<div  class=\"tb-column col3-1 first module_column tb_17251_column module_column_0 module_column_17251-1-0\" >\n                                                                <div class=\"tb-column-inner\">\n                            \n\n    <!-- module image -->\n    <div  id=\"image-17251-1-0-0\" class=\"module module-image image-17251-1-0-0  image-top  \">\n\n        \n        <div class=\"image-wrap\">\n                            <img loading=\"lazy\" decoding=\"async\" width=\"1600\" height=\"1066\" src=\"https:\/\/projetodevida.org.br\/site\/wp-content\/uploads\/2024\/08\/WhatsApp-Image-2024-08-20-at-11.39.49.jpeg\" class=\" wp-post-image wp-image-17257\" alt=\"WhatsApp Image 2024-08-20 at 11.39.49\" srcset=\"https:\/\/projetodevida.org.br\/site\/wp-content\/uploads\/2024\/08\/WhatsApp-Image-2024-08-20-at-11.39.49.jpeg 1600w, https:\/\/projetodevida.org.br\/site\/wp-content\/uploads\/2024\/08\/WhatsApp-Image-2024-08-20-at-11.39.49-300x200.jpeg 300w, https:\/\/projetodevida.org.br\/site\/wp-content\/uploads\/2024\/08\/WhatsApp-Image-2024-08-20-at-11.39.49-1024x682.jpeg 1024w, https:\/\/projetodevida.org.br\/site\/wp-content\/uploads\/2024\/08\/WhatsApp-Image-2024-08-20-at-11.39.49-768x512.jpeg 768w, https:\/\/projetodevida.org.br\/site\/wp-content\/uploads\/2024\/08\/WhatsApp-Image-2024-08-20-at-11.39.49-1536x1023.jpeg 1536w\" sizes=\"auto, (max-width: 1600px) 100vw, 1600px\" \/>            \n                        <\/div>\n            <!-- \/image-wrap -->\n        \n        \n            <\/div>\n    <!-- \/module image -->\n\n                        <\/div>\n                    \t\t<\/div>\n\t\t<!-- \/.tb-column -->\n\t\t\n\t\t\n\t\t<div  class=\"tb-column col3-1 middle module_column tb_17251_column module_column_1 module_column_17251-1-1\" >\n                                                                <div class=\"tb-column-inner\">\n                            \n\n    <!-- module image -->\n    <div  id=\"image-17251-1-1-0\" class=\"module module-image image-17251-1-1-0  image-top  \">\n\n        \n        <div class=\"image-wrap\">\n                            <img loading=\"lazy\" decoding=\"async\" width=\"1600\" height=\"1066\" src=\"https:\/\/projetodevida.org.br\/site\/wp-content\/uploads\/2024\/08\/WhatsApp-Image-2024-08-20-at-11.39.49-2.jpeg\" class=\" wp-post-image wp-image-17256\" alt=\"WhatsApp Image 2024-08-20 at 11.39.49 (2)\" srcset=\"https:\/\/projetodevida.org.br\/site\/wp-content\/uploads\/2024\/08\/WhatsApp-Image-2024-08-20-at-11.39.49-2.jpeg 1600w, https:\/\/projetodevida.org.br\/site\/wp-content\/uploads\/2024\/08\/WhatsApp-Image-2024-08-20-at-11.39.49-2-300x200.jpeg 300w, https:\/\/projetodevida.org.br\/site\/wp-content\/uploads\/2024\/08\/WhatsApp-Image-2024-08-20-at-11.39.49-2-1024x682.jpeg 1024w, https:\/\/projetodevida.org.br\/site\/wp-content\/uploads\/2024\/08\/WhatsApp-Image-2024-08-20-at-11.39.49-2-768x512.jpeg 768w, https:\/\/projetodevida.org.br\/site\/wp-content\/uploads\/2024\/08\/WhatsApp-Image-2024-08-20-at-11.39.49-2-1536x1023.jpeg 1536w\" sizes=\"auto, (max-width: 1600px) 100vw, 1600px\" \/>            \n                        <\/div>\n            <!-- \/image-wrap -->\n        \n        \n            <\/div>\n    <!-- \/module image -->\n\n                        <\/div>\n                    \t\t<\/div>\n\t\t<!-- \/.tb-column -->\n\t\t\n\t\t\n\t\t<div  class=\"tb-column col3-1 last module_column tb_17251_column module_column_2 module_column_17251-1-2\" >\n                                                                <div class=\"tb-column-inner\">\n                            \n\n    <!-- module image -->\n    <div  id=\"image-17251-1-2-0\" class=\"module module-image image-17251-1-2-0  image-top  \">\n\n        \n        <div class=\"image-wrap\">\n                            <img loading=\"lazy\" decoding=\"async\" width=\"1600\" height=\"1066\" src=\"https:\/\/projetodevida.org.br\/site\/wp-content\/uploads\/2024\/08\/WhatsApp-Image-2024-08-20-at-11.39.49-1.jpeg\" class=\" wp-post-image wp-image-17255\" alt=\"WhatsApp Image 2024-08-20 at 11.39.49 (1)\" srcset=\"https:\/\/projetodevida.org.br\/site\/wp-content\/uploads\/2024\/08\/WhatsApp-Image-2024-08-20-at-11.39.49-1.jpeg 1600w, https:\/\/projetodevida.org.br\/site\/wp-content\/uploads\/2024\/08\/WhatsApp-Image-2024-08-20-at-11.39.49-1-300x200.jpeg 300w, https:\/\/projetodevida.org.br\/site\/wp-content\/uploads\/2024\/08\/WhatsApp-Image-2024-08-20-at-11.39.49-1-1024x682.jpeg 1024w, https:\/\/projetodevida.org.br\/site\/wp-content\/uploads\/2024\/08\/WhatsApp-Image-2024-08-20-at-11.39.49-1-768x512.jpeg 768w, https:\/\/projetodevida.org.br\/site\/wp-content\/uploads\/2024\/08\/WhatsApp-Image-2024-08-20-at-11.39.49-1-1536x1023.jpeg 1536w\" sizes=\"auto, (max-width: 1600px) 100vw, 1600px\" \/>            \n                        <\/div>\n            <!-- \/image-wrap -->\n        \n        \n            <\/div>\n    <!-- \/module image -->\n\n                        <\/div>\n                    \t\t<\/div>\n\t\t<!-- \/.tb-column -->\n\t\t\n\t\t\n                                <\/div>\n                                <!-- \/row_inner -->\n                        <\/div>\n                        <!-- \/module_row -->\n\t\t\t\n\t\t<!-- module_row -->\n\t\t\t<div  class=\"themify_builder_row module_row clearfix module_row_2 themify_builder_17251_row module_row_17251-2\">\n\t\t\t\t                                <div class=\"row_inner \" >\n\n                                    \n\t\t<div  class=\"tb-column col3-1 first module_column tb_17251_column module_column_0 module_column_17251-2-0\" >\n                                                                <div class=\"tb-column-inner\">\n                            \n\n    <!-- module image -->\n    <div  id=\"image-17251-2-0-0\" class=\"module module-image image-17251-2-0-0  image-top  \">\n\n        \n        <div class=\"image-wrap\">\n                            <img loading=\"lazy\" decoding=\"async\" width=\"1600\" height=\"1066\" src=\"https:\/\/projetodevida.org.br\/site\/wp-content\/uploads\/2024\/08\/WhatsApp-Image-2024-08-20-at-11.39.50.jpeg\" class=\" wp-post-image wp-image-17254\" alt=\"WhatsApp Image 2024-08-20 at 11.39.50\" srcset=\"https:\/\/projetodevida.org.br\/site\/wp-content\/uploads\/2024\/08\/WhatsApp-Image-2024-08-20-at-11.39.50.jpeg 1600w, https:\/\/projetodevida.org.br\/site\/wp-content\/uploads\/2024\/08\/WhatsApp-Image-2024-08-20-at-11.39.50-300x200.jpeg 300w, https:\/\/projetodevida.org.br\/site\/wp-content\/uploads\/2024\/08\/WhatsApp-Image-2024-08-20-at-11.39.50-1024x682.jpeg 1024w, https:\/\/projetodevida.org.br\/site\/wp-content\/uploads\/2024\/08\/WhatsApp-Image-2024-08-20-at-11.39.50-768x512.jpeg 768w, https:\/\/projetodevida.org.br\/site\/wp-content\/uploads\/2024\/08\/WhatsApp-Image-2024-08-20-at-11.39.50-1536x1023.jpeg 1536w\" sizes=\"auto, (max-width: 1600px) 100vw, 1600px\" \/>            \n                        <\/div>\n            <!-- \/image-wrap -->\n        \n        \n            <\/div>\n    <!-- \/module image -->\n\n                        <\/div>\n                    \t\t<\/div>\n\t\t<!-- \/.tb-column -->\n\t\t\n\t\t\n\t\t<div  class=\"tb-column col3-1 middle module_column tb_17251_column module_column_1 module_column_17251-2-1\" >\n                                                                <div class=\"tb-column-inner\">\n                            \n\n    <!-- module image -->\n    <div  id=\"image-17251-2-1-0\" class=\"module module-image image-17251-2-1-0  image-top  \">\n\n        \n        <div class=\"image-wrap\">\n                            <img loading=\"lazy\" decoding=\"async\" width=\"1600\" height=\"1066\" src=\"https:\/\/projetodevida.org.br\/site\/wp-content\/uploads\/2024\/08\/WhatsApp-Image-2024-08-20-at-11.39.50-1.jpeg\" class=\" wp-post-image wp-image-17258\" alt=\"WhatsApp Image 2024-08-20 at 11.39.50 (1)\" srcset=\"https:\/\/projetodevida.org.br\/site\/wp-content\/uploads\/2024\/08\/WhatsApp-Image-2024-08-20-at-11.39.50-1.jpeg 1600w, https:\/\/projetodevida.org.br\/site\/wp-content\/uploads\/2024\/08\/WhatsApp-Image-2024-08-20-at-11.39.50-1-300x200.jpeg 300w, https:\/\/projetodevida.org.br\/site\/wp-content\/uploads\/2024\/08\/WhatsApp-Image-2024-08-20-at-11.39.50-1-1024x682.jpeg 1024w, https:\/\/projetodevida.org.br\/site\/wp-content\/uploads\/2024\/08\/WhatsApp-Image-2024-08-20-at-11.39.50-1-768x512.jpeg 768w, https:\/\/projetodevida.org.br\/site\/wp-content\/uploads\/2024\/08\/WhatsApp-Image-2024-08-20-at-11.39.50-1-1536x1023.jpeg 1536w\" sizes=\"auto, (max-width: 1600px) 100vw, 1600px\" \/>            \n                        <\/div>\n            <!-- \/image-wrap -->\n        \n        \n            <\/div>\n    <!-- \/module image -->\n\n                        <\/div>\n                    \t\t<\/div>\n\t\t<!-- \/.tb-column -->\n\t\t\n\t\t\n\t\t<div  class=\"tb-column col3-1 last module_column tb_17251_column module_column_2 module_column_17251-2-2\" >\n                                                                <div class=\"tb-column-inner\">\n                            \n\n    <!-- module image -->\n    <div  id=\"image-17251-2-2-0\" class=\"module module-image image-17251-2-2-0  image-top  \">\n\n        \n        <div class=\"image-wrap\">\n                            <img loading=\"lazy\" decoding=\"async\" width=\"1600\" height=\"1066\" src=\"https:\/\/projetodevida.org.br\/site\/wp-content\/uploads\/2024\/08\/WhatsApp-Image-2024-08-20-at-11.39.50-2.jpeg\" class=\" wp-post-image wp-image-17253\" alt=\"WhatsApp Image 2024-08-20 at 11.39.50 (2)\" srcset=\"https:\/\/projetodevida.org.br\/site\/wp-content\/uploads\/2024\/08\/WhatsApp-Image-2024-08-20-at-11.39.50-2.jpeg 1600w, https:\/\/projetodevida.org.br\/site\/wp-content\/uploads\/2024\/08\/WhatsApp-Image-2024-08-20-at-11.39.50-2-300x200.jpeg 300w, https:\/\/projetodevida.org.br\/site\/wp-content\/uploads\/2024\/08\/WhatsApp-Image-2024-08-20-at-11.39.50-2-1024x682.jpeg 1024w, https:\/\/projetodevida.org.br\/site\/wp-content\/uploads\/2024\/08\/WhatsApp-Image-2024-08-20-at-11.39.50-2-768x512.jpeg 768w, https:\/\/projetodevida.org.br\/site\/wp-content\/uploads\/2024\/08\/WhatsApp-Image-2024-08-20-at-11.39.50-2-1536x1023.jpeg 1536w\" sizes=\"auto, (max-width: 1600px) 100vw, 1600px\" \/>            \n                        <\/div>\n            <!-- \/image-wrap -->\n        \n        \n            <\/div>\n    <!-- \/module image -->\n\n                        <\/div>\n                    \t\t<\/div>\n\t\t<!-- \/.tb-column -->\n\t\t\n\t\t\n                                <\/div>\n                                <!-- \/row_inner -->\n                        <\/div>\n                        <!-- \/module_row -->\n\t\t<\/div>\n\n","protected":false},"excerpt":{"rendered":"<p>Ontem foi um dia muito especial! Comemoramos os 24 anos de hist\u00f3ria do Projeto de Vida!\u00c9 com grande orgulho que olhamos para tr\u00e1s e percebemos o quanto j\u00e1 realizamos em prol da nossa comunidade.Sabemos que ainda h\u00e1 muito a ser feito, mas acreditamos que, com a uni\u00e3o e o empenho de todos, podemos continuar transformando [&hellip;]<\/p>\n","protected":false},"author":5,"featured_media":17257,"comment_status":"open","ping_status":"open","sticky":false,"template":"","format":"standard","meta":{"footnotes":""},"categories":[1,6,4],"tags":[],"class_list":["post-17251","post","type-post","status-publish","format-standard","has-post-thumbnail","hentry","category-acoes","category-galeria-de-fotos","category-noticias","has-post-title","no-post-date","has-post-category","has-post-tag","has-post-comment","has-post-author",""," cat-1"," cat-6"," cat-4"],"_links":{"self":[{"href":"https:\/\/projetodevida.org.br\/site\/wp-json\/wp\/v2\/posts\/17251","targetHints":{"allow":["GET"]}}],"collection":[{"href":"https:\/\/projetodevida.org.br\/site\/wp-json\/wp\/v2\/posts"}],"about":[{"href":"https:\/\/projetodevida.org.br\/site\/wp-json\/wp\/v2\/types\/post"}],"author":[{"embeddable":true,"href":"https:\/\/projetodevida.org.br\/site\/wp-json\/wp\/v2\/users\/5"}],"replies":[{"embeddable":true,"href":"https:\/\/projetodevida.org.br\/site\/wp-json\/wp\/v2\/comments?post=17251"}],"version-history":[{"count":13,"href":"https:\/\/projetodevida.org.br\/site\/wp-json\/wp\/v2\/posts\/17251\/revisions"}],"predecessor-version":[{"id":17381,"href":"https:\/\/projetodevida.org.br\/site\/wp-json\/wp\/v2\/posts\/17251\/revisions\/17381"}],"wp:featuredmedia":[{"embeddable":true,"href":"https:\/\/projetodevida.org.br\/site\/wp-json\/wp\/v2\/media\/17257"}],"wp:attachment":[{"href":"https:\/\/projetodevida.org.br\/site\/wp-json\/wp\/v2\/media?parent=17251"}],"wp:term":[{"taxonomy":"category","embeddable":true,"href":"https:\/\/projetodevida.org.br\/site\/wp-json\/wp\/v2\/categories?post=17251"},{"taxonomy":"post_tag","embeddable":true,"href":"https:\/\/projetodevida.org.br\/site\/wp-json\/wp\/v2\/tags?post=17251"}],"curies":[{"name":"wp","href":"https:\/\/api.w.org\/{rel}","templated":true}]}}