{"id":17287,"date":"2023-05-10T15:47:16","date_gmt":"2023-05-10T18:47:16","guid":{"rendered":"https:\/\/projetodevida.org.br\/site\/?p=17287"},"modified":"2024-09-17T12:52:17","modified_gmt":"2024-09-17T15:52:17","slug":"castramovel-no-cesu-amazonas","status":"publish","type":"post","link":"https:\/\/projetodevida.org.br\/site\/2023\/05\/10\/castramovel-no-cesu-amazonas\/","title":{"rendered":"Castram\u00f3vel no Cesu Amazonas"},"content":{"rendered":"<div id=\"themify_builder_content-17287\" data-postid=\"17287\" class=\"themify_builder_content themify_builder_content-17287 themify_builder\">\n\n    \t\n\t\t<!-- module_row -->\n\t\t\t<div  class=\"themify_builder_row module_row clearfix repeat fullwidth_row_container module_row_0 themify_builder_17287_row module_row_17287-0\">\n\t\t\t\t                                <div class=\"row_inner \"   data-basecol=\"2\" data-col_mobile=\"column-full\">\n\n                                    \n\t\t<div style=\"width:92%\" class=\"tb-column col4-2 first module_column tb_17287_column module_column_0 module_column_17287-0-0\" >\n                                                                <div class=\"tb-column-inner\">\n                            \n\n<!-- module text -->\n<div  id=\"text-17287-0-0-0\" class=\"module module-text text-17287-0-0-0  repeat \">\n    \n    <p>Estamos extremamente honrados em rev\u00ea a nossa Prefeita, Mar\u00edlia Campos!<br \/>O PROJETO DE VIDA agradece por sua presen\u00e7a! O sentimento que nos define \u00e9: felicidade! Isso porque, temos a oportunidade de apresentar as a\u00e7\u00f5es e atividades que estamos desenvolvendo no munic\u00edpio de Contagem.<br \/>Agradecemos por acreditar na concretiza\u00e7\u00e3o do projeto Castram\u00f3vel, bem como nos trabalhos que desempenhamos!<br \/>A iniciativa partiu com uma parceiria do Projeto de Vida\u00a0<a href=\"https:\/\/www.instagram.com\/eucarlinmoura\/\">@eucarlinmoura<\/a>\u00a0respons\u00e1vel pela destina\u00e7\u00e3o de sua Emenda Parlamentar para constru\u00e7\u00e3o do equipamento e presta\u00e7\u00e3o de servi\u00e7os.<br \/>Gostariamos de agradecer a todas as pessoas que encontramos durante o percurso e que contribuiram para a concretiza\u00e7\u00e3o deste sonho, Sr. Jos\u00e9 Renato Rezende ( Controle de Zoonoses da Prefeitura) , Sr Francisco Santos ( Gestor da Parceria ).<br \/>Em especial agradecemos ao\u00a0<a href=\"https:\/\/www.instagram.com\/eucarlinmoura\/\">@eucarlinmoura<\/a>\u00a0por acreditar e contribuir para que o Projeto de Vida continue no desenvolvimento de suas a\u00e7\u00f5es no no Munic\u00edpio de Contagem.<\/p><\/div>\n<!-- \/module text -->\n                        <\/div>\n                    \t\t<\/div>\n\t\t<!-- \/.tb-column -->\n\t\t\n\t\t\n\t\t<div style=\"width:4.8%\" class=\"tb-column col4-2 last module_column tb_17287_column module_column_1 module_column_17287-0-1\" >\n                                        \t\t<\/div>\n\t\t<!-- \/.tb-column -->\n\t\t\n\t\t\n                                <\/div>\n                                <!-- \/row_inner -->\n                        <\/div>\n                        <!-- \/module_row -->\n\t\t\t\n\t\t<!-- module_row -->\n\t\t\t<div  class=\"themify_builder_row module_row clearfix repeat fullwidth_row_container module_row_1 themify_builder_17287_row module_row_17287-1\">\n\t\t\t\t                                <div class=\"row_inner \" >\n\n                                    \n\t\t<div  class=\"tb-column col3-1 first module_column tb_17287_column module_column_0 module_column_17287-1-0\" >\n                                                                <div class=\"tb-column-inner\">\n                            \n\n    <!-- module image -->\n    <div  id=\"image-17287-1-0-0\" class=\"module module-image image-17287-1-0-0  image-top  \">\n\n        \n        <div class=\"image-wrap\">\n                            <img loading=\"lazy\" decoding=\"async\" width=\"1600\" height=\"1066\" src=\"https:\/\/projetodevida.org.br\/site\/wp-content\/uploads\/2024\/08\/WhatsApp-Image-2024-08-20-at-16.10.12.jpeg\" class=\" wp-post-image wp-image-17321\" alt=\"WhatsApp Image 2024-08-20 at 16.10.12\" srcset=\"https:\/\/projetodevida.org.br\/site\/wp-content\/uploads\/2024\/08\/WhatsApp-Image-2024-08-20-at-16.10.12.jpeg 1600w, https:\/\/projetodevida.org.br\/site\/wp-content\/uploads\/2024\/08\/WhatsApp-Image-2024-08-20-at-16.10.12-300x200.jpeg 300w, https:\/\/projetodevida.org.br\/site\/wp-content\/uploads\/2024\/08\/WhatsApp-Image-2024-08-20-at-16.10.12-1024x682.jpeg 1024w, https:\/\/projetodevida.org.br\/site\/wp-content\/uploads\/2024\/08\/WhatsApp-Image-2024-08-20-at-16.10.12-768x512.jpeg 768w, https:\/\/projetodevida.org.br\/site\/wp-content\/uploads\/2024\/08\/WhatsApp-Image-2024-08-20-at-16.10.12-1536x1023.jpeg 1536w\" sizes=\"auto, (max-width: 1600px) 100vw, 1600px\" \/>            \n                        <\/div>\n            <!-- \/image-wrap -->\n        \n        \n            <\/div>\n    <!-- \/module image -->\n\n                        <\/div>\n                    \t\t<\/div>\n\t\t<!-- \/.tb-column -->\n\t\t\n\t\t\n\t\t<div  class=\"tb-column col3-1 middle module_column tb_17287_column module_column_1 module_column_17287-1-1\" >\n                                                                <div class=\"tb-column-inner\">\n                            \n\n    <!-- module image -->\n    <div  id=\"image-17287-1-1-0\" class=\"module module-image image-17287-1-1-0  image-top  \">\n\n        \n        <div class=\"image-wrap\">\n                            <img loading=\"lazy\" decoding=\"async\" width=\"1600\" height=\"1066\" src=\"https:\/\/projetodevida.org.br\/site\/wp-content\/uploads\/2024\/08\/WhatsApp-Image-2024-08-20-at-16.10.12-5.jpeg\" class=\" wp-post-image wp-image-17320\" alt=\"WhatsApp Image 2024-08-20 at 16.10.12 (5)\" srcset=\"https:\/\/projetodevida.org.br\/site\/wp-content\/uploads\/2024\/08\/WhatsApp-Image-2024-08-20-at-16.10.12-5.jpeg 1600w, https:\/\/projetodevida.org.br\/site\/wp-content\/uploads\/2024\/08\/WhatsApp-Image-2024-08-20-at-16.10.12-5-300x200.jpeg 300w, https:\/\/projetodevida.org.br\/site\/wp-content\/uploads\/2024\/08\/WhatsApp-Image-2024-08-20-at-16.10.12-5-1024x682.jpeg 1024w, https:\/\/projetodevida.org.br\/site\/wp-content\/uploads\/2024\/08\/WhatsApp-Image-2024-08-20-at-16.10.12-5-768x512.jpeg 768w, https:\/\/projetodevida.org.br\/site\/wp-content\/uploads\/2024\/08\/WhatsApp-Image-2024-08-20-at-16.10.12-5-1536x1023.jpeg 1536w\" sizes=\"auto, (max-width: 1600px) 100vw, 1600px\" \/>            \n                        <\/div>\n            <!-- \/image-wrap -->\n        \n        \n            <\/div>\n    <!-- \/module image -->\n\n                        <\/div>\n                    \t\t<\/div>\n\t\t<!-- \/.tb-column -->\n\t\t\n\t\t\n\t\t<div  class=\"tb-column col3-1 last module_column tb_17287_column module_column_2 module_column_17287-1-2\" >\n                                                                <div class=\"tb-column-inner\">\n                            \n\n    <!-- module image -->\n    <div  id=\"image-17287-1-2-0\" class=\"module module-image image-17287-1-2-0  image-top  \">\n\n        \n        <div class=\"image-wrap\">\n                            <img loading=\"lazy\" decoding=\"async\" width=\"1600\" height=\"1066\" src=\"https:\/\/projetodevida.org.br\/site\/wp-content\/uploads\/2024\/08\/WhatsApp-Image-2024-08-20-at-16.10.12-4.jpeg\" class=\" wp-post-image wp-image-17319\" alt=\"WhatsApp Image 2024-08-20 at 16.10.12 (4)\" srcset=\"https:\/\/projetodevida.org.br\/site\/wp-content\/uploads\/2024\/08\/WhatsApp-Image-2024-08-20-at-16.10.12-4.jpeg 1600w, https:\/\/projetodevida.org.br\/site\/wp-content\/uploads\/2024\/08\/WhatsApp-Image-2024-08-20-at-16.10.12-4-300x200.jpeg 300w, https:\/\/projetodevida.org.br\/site\/wp-content\/uploads\/2024\/08\/WhatsApp-Image-2024-08-20-at-16.10.12-4-1024x682.jpeg 1024w, https:\/\/projetodevida.org.br\/site\/wp-content\/uploads\/2024\/08\/WhatsApp-Image-2024-08-20-at-16.10.12-4-768x512.jpeg 768w, https:\/\/projetodevida.org.br\/site\/wp-content\/uploads\/2024\/08\/WhatsApp-Image-2024-08-20-at-16.10.12-4-1536x1023.jpeg 1536w\" sizes=\"auto, (max-width: 1600px) 100vw, 1600px\" \/>            \n                        <\/div>\n            <!-- \/image-wrap -->\n        \n        \n            <\/div>\n    <!-- \/module image -->\n\n                        <\/div>\n                    \t\t<\/div>\n\t\t<!-- \/.tb-column -->\n\t\t\n\t\t\n                                <\/div>\n                                <!-- \/row_inner -->\n                        <\/div>\n                        <!-- \/module_row -->\n\t\t\t\n\t\t<!-- module_row -->\n\t\t\t<div  class=\"themify_builder_row module_row clearfix module_row_2 themify_builder_17287_row module_row_17287-2\">\n\t\t\t\t                                <div class=\"row_inner \" >\n\n                                    \n\t\t<div  class=\"tb-column col3-1 first module_column tb_17287_column module_column_0 module_column_17287-2-0\" >\n                                                                <div class=\"tb-column-inner\">\n                            \n\n    <!-- module image -->\n    <div  id=\"image-17287-2-0-0\" class=\"module module-image image-17287-2-0-0  image-top  \">\n\n        \n        <div class=\"image-wrap\">\n                            <img loading=\"lazy\" decoding=\"async\" width=\"1600\" height=\"1066\" src=\"https:\/\/projetodevida.org.br\/site\/wp-content\/uploads\/2024\/08\/WhatsApp-Image-2024-08-20-at-16.10.12-3.jpeg\" class=\" wp-post-image wp-image-17318\" alt=\"WhatsApp Image 2024-08-20 at 16.10.12 (3)\" srcset=\"https:\/\/projetodevida.org.br\/site\/wp-content\/uploads\/2024\/08\/WhatsApp-Image-2024-08-20-at-16.10.12-3.jpeg 1600w, https:\/\/projetodevida.org.br\/site\/wp-content\/uploads\/2024\/08\/WhatsApp-Image-2024-08-20-at-16.10.12-3-300x200.jpeg 300w, https:\/\/projetodevida.org.br\/site\/wp-content\/uploads\/2024\/08\/WhatsApp-Image-2024-08-20-at-16.10.12-3-1024x682.jpeg 1024w, https:\/\/projetodevida.org.br\/site\/wp-content\/uploads\/2024\/08\/WhatsApp-Image-2024-08-20-at-16.10.12-3-768x512.jpeg 768w, https:\/\/projetodevida.org.br\/site\/wp-content\/uploads\/2024\/08\/WhatsApp-Image-2024-08-20-at-16.10.12-3-1536x1023.jpeg 1536w\" sizes=\"auto, (max-width: 1600px) 100vw, 1600px\" \/>            \n                        <\/div>\n            <!-- \/image-wrap -->\n        \n        \n            <\/div>\n    <!-- \/module image -->\n\n                        <\/div>\n                    \t\t<\/div>\n\t\t<!-- \/.tb-column -->\n\t\t\n\t\t\n\t\t<div  class=\"tb-column col3-1 middle module_column tb_17287_column module_column_1 module_column_17287-2-1\" >\n                                                                <div class=\"tb-column-inner\">\n                            \n\n    <!-- module image -->\n    <div  id=\"image-17287-2-1-0\" class=\"module module-image image-17287-2-1-0  image-top  \">\n\n        \n        <div class=\"image-wrap\">\n                            <img loading=\"lazy\" decoding=\"async\" width=\"1600\" height=\"1066\" src=\"https:\/\/projetodevida.org.br\/site\/wp-content\/uploads\/2024\/08\/WhatsApp-Image-2024-08-20-at-16.10.12-2.jpeg\" class=\" wp-post-image wp-image-17317\" alt=\"WhatsApp Image 2024-08-20 at 16.10.12 (2)\" srcset=\"https:\/\/projetodevida.org.br\/site\/wp-content\/uploads\/2024\/08\/WhatsApp-Image-2024-08-20-at-16.10.12-2.jpeg 1600w, https:\/\/projetodevida.org.br\/site\/wp-content\/uploads\/2024\/08\/WhatsApp-Image-2024-08-20-at-16.10.12-2-300x200.jpeg 300w, https:\/\/projetodevida.org.br\/site\/wp-content\/uploads\/2024\/08\/WhatsApp-Image-2024-08-20-at-16.10.12-2-1024x682.jpeg 1024w, https:\/\/projetodevida.org.br\/site\/wp-content\/uploads\/2024\/08\/WhatsApp-Image-2024-08-20-at-16.10.12-2-768x512.jpeg 768w, https:\/\/projetodevida.org.br\/site\/wp-content\/uploads\/2024\/08\/WhatsApp-Image-2024-08-20-at-16.10.12-2-1536x1023.jpeg 1536w\" sizes=\"auto, (max-width: 1600px) 100vw, 1600px\" \/>            \n                        <\/div>\n            <!-- \/image-wrap -->\n        \n        \n            <\/div>\n    <!-- \/module image -->\n\n                        <\/div>\n                    \t\t<\/div>\n\t\t<!-- \/.tb-column -->\n\t\t\n\t\t\n\t\t<div  class=\"tb-column col3-1 last module_column tb_17287_column module_column_2 module_column_17287-2-2\" >\n                                                                <div class=\"tb-column-inner\">\n                            \n\n    <!-- module image -->\n    <div  id=\"image-17287-2-2-0\" class=\"module module-image image-17287-2-2-0  image-top  \">\n\n        \n        <div class=\"image-wrap\">\n                            <img loading=\"lazy\" decoding=\"async\" width=\"1600\" height=\"1066\" src=\"https:\/\/projetodevida.org.br\/site\/wp-content\/uploads\/2024\/08\/WhatsApp-Image-2024-08-20-at-16.10.12-1.jpeg\" class=\" wp-post-image wp-image-17316\" alt=\"WhatsApp Image 2024-08-20 at 16.10.12 (1)\" srcset=\"https:\/\/projetodevida.org.br\/site\/wp-content\/uploads\/2024\/08\/WhatsApp-Image-2024-08-20-at-16.10.12-1.jpeg 1600w, https:\/\/projetodevida.org.br\/site\/wp-content\/uploads\/2024\/08\/WhatsApp-Image-2024-08-20-at-16.10.12-1-300x200.jpeg 300w, https:\/\/projetodevida.org.br\/site\/wp-content\/uploads\/2024\/08\/WhatsApp-Image-2024-08-20-at-16.10.12-1-1024x682.jpeg 1024w, https:\/\/projetodevida.org.br\/site\/wp-content\/uploads\/2024\/08\/WhatsApp-Image-2024-08-20-at-16.10.12-1-768x512.jpeg 768w, https:\/\/projetodevida.org.br\/site\/wp-content\/uploads\/2024\/08\/WhatsApp-Image-2024-08-20-at-16.10.12-1-1536x1023.jpeg 1536w\" sizes=\"auto, (max-width: 1600px) 100vw, 1600px\" \/>            \n                        <\/div>\n            <!-- \/image-wrap -->\n        \n        \n            <\/div>\n    <!-- \/module image -->\n\n                        <\/div>\n                    \t\t<\/div>\n\t\t<!-- \/.tb-column -->\n\t\t\n\t\t\n                                <\/div>\n                                <!-- \/row_inner -->\n                        <\/div>\n                        <!-- \/module_row -->\n\t\t<\/div>\n\n","protected":false},"excerpt":{"rendered":"<p>Estamos extremamente honrados em rev\u00ea a nossa Prefeita, Mar\u00edlia Campos!O PROJETO DE VIDA agradece por sua presen\u00e7a! O sentimento que nos define \u00e9: felicidade! Isso porque, temos a oportunidade de apresentar as a\u00e7\u00f5es e atividades que estamos desenvolvendo no munic\u00edpio de Contagem.Agradecemos por acreditar na concretiza\u00e7\u00e3o do projeto Castram\u00f3vel, bem como nos trabalhos que desempenhamos!A [&hellip;]<\/p>\n","protected":false},"author":5,"featured_media":17318,"comment_status":"open","ping_status":"open","sticky":false,"template":"","format":"standard","meta":{"footnotes":""},"categories":[1,6,4],"tags":[],"class_list":["post-17287","post","type-post","status-publish","format-standard","has-post-thumbnail","hentry","category-acoes","category-galeria-de-fotos","category-noticias","has-post-title","no-post-date","has-post-category","has-post-tag","has-post-comment","has-post-author",""," cat-1"," cat-6"," cat-4"],"_links":{"self":[{"href":"https:\/\/projetodevida.org.br\/site\/wp-json\/wp\/v2\/posts\/17287","targetHints":{"allow":["GET"]}}],"collection":[{"href":"https:\/\/projetodevida.org.br\/site\/wp-json\/wp\/v2\/posts"}],"about":[{"href":"https:\/\/projetodevida.org.br\/site\/wp-json\/wp\/v2\/types\/post"}],"author":[{"embeddable":true,"href":"https:\/\/projetodevida.org.br\/site\/wp-json\/wp\/v2\/users\/5"}],"replies":[{"embeddable":true,"href":"https:\/\/projetodevida.org.br\/site\/wp-json\/wp\/v2\/comments?post=17287"}],"version-history":[{"count":9,"href":"https:\/\/projetodevida.org.br\/site\/wp-json\/wp\/v2\/posts\/17287\/revisions"}],"predecessor-version":[{"id":17391,"href":"https:\/\/projetodevida.org.br\/site\/wp-json\/wp\/v2\/posts\/17287\/revisions\/17391"}],"wp:featuredmedia":[{"embeddable":true,"href":"https:\/\/projetodevida.org.br\/site\/wp-json\/wp\/v2\/media\/17318"}],"wp:attachment":[{"href":"https:\/\/projetodevida.org.br\/site\/wp-json\/wp\/v2\/media?parent=17287"}],"wp:term":[{"taxonomy":"category","embeddable":true,"href":"https:\/\/projetodevida.org.br\/site\/wp-json\/wp\/v2\/categories?post=17287"},{"taxonomy":"post_tag","embeddable":true,"href":"https:\/\/projetodevida.org.br\/site\/wp-json\/wp\/v2\/tags?post=17287"}],"curies":[{"name":"wp","href":"https:\/\/api.w.org\/{rel}","templated":true}]}}