{"id":17295,"date":"2023-08-23T15:50:12","date_gmt":"2023-08-23T18:50:12","guid":{"rendered":"https:\/\/projetodevida.org.br\/site\/?p=17295"},"modified":"2024-09-17T12:55:28","modified_gmt":"2024-09-17T15:55:28","slug":"inauguracao-nucleo-lempp","status":"publish","type":"post","link":"https:\/\/projetodevida.org.br\/site\/2023\/08\/23\/inauguracao-nucleo-lempp\/","title":{"rendered":"Inaugura\u00e7\u00e3o N\u00facleo Lempp"},"content":{"rendered":"<div id=\"themify_builder_content-17295\" data-postid=\"17295\" class=\"themify_builder_content themify_builder_content-17295 themify_builder\">\n\n    \t\n\t\t<!-- module_row -->\n\t\t\t<div  class=\"themify_builder_row module_row clearfix repeat fullwidth_row_container module_row_0 themify_builder_17295_row module_row_17295-0\">\n\t\t\t\t                                <div class=\"row_inner \"   data-basecol=\"2\" data-col_mobile=\"column-full\">\n\n                                    \n\t\t<div style=\"width:92%\" class=\"tb-column col4-2 first module_column tb_17295_column module_column_0 module_column_17295-0-0\" >\n                                                                <div class=\"tb-column-inner\">\n                            \n\n<!-- module text -->\n<div  id=\"text-17295-0-0-0\" class=\"module module-text text-17295-0-0-0  repeat \">\n    \n    <p>O Projeto de Vida inaugurou o N\u00facleo Lempp: uma gest\u00e3o compartilhada entre a Osc e o Projeto Social Abra\u00e7ar <a class=\"x1i10hfl xjbqb8w x1ejq31n xd10rxx x1sy0etr x17r0tee x972fbf xcfux6l x1qhh985 xm0m39n x9f619 x1ypdohk xt0psk2 xe8uvvx xdj266r x11i5rnm xat24cr x1mh8g0r xexx8yu x4uap5 x18d9i69 xkhd6sd x16tdsg8 x1hl2dhg xggy1nq x1a2a7pz notranslate _a6hd\" tabindex=\"0\" role=\"link\" href=\"https:\/\/www.instagram.com\/psabracar\/\">@psabracar<\/a><br \/><br \/>O objetivo \u00e9 retornar onde iniciamos a nossa hist\u00f3ria, em prol de levar oficinas gratuitas \u00e0 comunidade, trazendo a transforma\u00e7\u00e3o.<br \/><br \/>O evento foi marcado por uma rua de lazer, muita musica, pipoca, algod\u00e3o doce, cama el\u00e1stica e touro mec\u00e2nico!<br \/><br \/>Ficamos muito honrados com a presen\u00e7a da Prefeita Mar\u00edlia Campos e o Pastor Vereador Itamar. \u00c9 muito gratificante saber que o Terceiro Setor tem feito a diferen\u00e7a no munic\u00edpio de Contagem!<br \/><br \/>Agradecemos a todos que compareceram! Fa\u00e7a sua inscri\u00e7\u00e3o e participe das nossas atividades<\/p><\/div>\n<!-- \/module text -->\n                        <\/div>\n                    \t\t<\/div>\n\t\t<!-- \/.tb-column -->\n\t\t\n\t\t\n\t\t<div style=\"width:4.8%\" class=\"tb-column col4-2 last module_column tb_17295_column module_column_1 module_column_17295-0-1\" >\n                                        \t\t<\/div>\n\t\t<!-- \/.tb-column -->\n\t\t\n\t\t\n                                <\/div>\n                                <!-- \/row_inner -->\n                        <\/div>\n                        <!-- \/module_row -->\n\t\t\t\n\t\t<!-- module_row -->\n\t\t\t<div  class=\"themify_builder_row module_row clearfix repeat fullwidth_row_container module_row_1 themify_builder_17295_row module_row_17295-1\">\n\t\t\t\t                                <div class=\"row_inner \" >\n\n                                    \n\t\t<div  class=\"tb-column col3-1 first module_column tb_17295_column module_column_0 module_column_17295-1-0\" >\n                                                                <div class=\"tb-column-inner\">\n                            \n\n    <!-- module image -->\n    <div  id=\"image-17295-1-0-0\" class=\"module module-image image-17295-1-0-0  image-top  \">\n\n        \n        <div class=\"image-wrap\">\n                            <img loading=\"lazy\" decoding=\"async\" width=\"2560\" height=\"1707\" src=\"https:\/\/projetodevida.org.br\/site\/wp-content\/uploads\/2024\/08\/Raw-Photo-2-scaled.jpg\" class=\" wp-post-image wp-image-17402\" alt=\"Raw Photo (2)\" srcset=\"https:\/\/projetodevida.org.br\/site\/wp-content\/uploads\/2024\/08\/Raw-Photo-2-scaled.jpg 2560w, https:\/\/projetodevida.org.br\/site\/wp-content\/uploads\/2024\/08\/Raw-Photo-2-300x200.jpg 300w, https:\/\/projetodevida.org.br\/site\/wp-content\/uploads\/2024\/08\/Raw-Photo-2-1024x683.jpg 1024w, https:\/\/projetodevida.org.br\/site\/wp-content\/uploads\/2024\/08\/Raw-Photo-2-768x512.jpg 768w, https:\/\/projetodevida.org.br\/site\/wp-content\/uploads\/2024\/08\/Raw-Photo-2-1536x1024.jpg 1536w, https:\/\/projetodevida.org.br\/site\/wp-content\/uploads\/2024\/08\/Raw-Photo-2-2048x1365.jpg 2048w\" sizes=\"auto, (max-width: 2560px) 100vw, 2560px\" \/>            \n                        <\/div>\n            <!-- \/image-wrap -->\n        \n        \n            <\/div>\n    <!-- \/module image -->\n\n                        <\/div>\n                    \t\t<\/div>\n\t\t<!-- \/.tb-column -->\n\t\t\n\t\t\n\t\t<div  class=\"tb-column col3-1 middle module_column tb_17295_column module_column_1 module_column_17295-1-1\" >\n                                                                <div class=\"tb-column-inner\">\n                            \n\n    <!-- module image -->\n    <div  id=\"image-17295-1-1-0\" class=\"module module-image image-17295-1-1-0  image-top  \">\n\n        \n        <div class=\"image-wrap\">\n                            <img loading=\"lazy\" decoding=\"async\" width=\"2560\" height=\"1707\" src=\"https:\/\/projetodevida.org.br\/site\/wp-content\/uploads\/2024\/08\/Raw-Photo-13-scaled.jpg\" class=\" wp-post-image wp-image-17403\" alt=\"Raw Photo (13)\" srcset=\"https:\/\/projetodevida.org.br\/site\/wp-content\/uploads\/2024\/08\/Raw-Photo-13-scaled.jpg 2560w, https:\/\/projetodevida.org.br\/site\/wp-content\/uploads\/2024\/08\/Raw-Photo-13-300x200.jpg 300w, https:\/\/projetodevida.org.br\/site\/wp-content\/uploads\/2024\/08\/Raw-Photo-13-1024x683.jpg 1024w, https:\/\/projetodevida.org.br\/site\/wp-content\/uploads\/2024\/08\/Raw-Photo-13-768x512.jpg 768w, https:\/\/projetodevida.org.br\/site\/wp-content\/uploads\/2024\/08\/Raw-Photo-13-1536x1024.jpg 1536w, https:\/\/projetodevida.org.br\/site\/wp-content\/uploads\/2024\/08\/Raw-Photo-13-2048x1365.jpg 2048w\" sizes=\"auto, (max-width: 2560px) 100vw, 2560px\" \/>            \n                        <\/div>\n            <!-- \/image-wrap -->\n        \n        \n            <\/div>\n    <!-- \/module image -->\n\n                        <\/div>\n                    \t\t<\/div>\n\t\t<!-- \/.tb-column -->\n\t\t\n\t\t\n\t\t<div  class=\"tb-column col3-1 last module_column tb_17295_column module_column_2 module_column_17295-1-2\" >\n                                                                <div class=\"tb-column-inner\">\n                            \n\n    <!-- module image -->\n    <div  id=\"image-17295-1-2-0\" class=\"module module-image image-17295-1-2-0  image-top  \">\n\n        \n        <div class=\"image-wrap\">\n                            <img loading=\"lazy\" decoding=\"async\" width=\"2560\" height=\"1707\" src=\"https:\/\/projetodevida.org.br\/site\/wp-content\/uploads\/2024\/08\/Raw-Photo-18-scaled.jpg\" class=\" wp-post-image wp-image-17404\" alt=\"Raw Photo (18)\" srcset=\"https:\/\/projetodevida.org.br\/site\/wp-content\/uploads\/2024\/08\/Raw-Photo-18-scaled.jpg 2560w, https:\/\/projetodevida.org.br\/site\/wp-content\/uploads\/2024\/08\/Raw-Photo-18-300x200.jpg 300w, https:\/\/projetodevida.org.br\/site\/wp-content\/uploads\/2024\/08\/Raw-Photo-18-1024x683.jpg 1024w, https:\/\/projetodevida.org.br\/site\/wp-content\/uploads\/2024\/08\/Raw-Photo-18-768x512.jpg 768w, https:\/\/projetodevida.org.br\/site\/wp-content\/uploads\/2024\/08\/Raw-Photo-18-1536x1024.jpg 1536w, https:\/\/projetodevida.org.br\/site\/wp-content\/uploads\/2024\/08\/Raw-Photo-18-2048x1365.jpg 2048w\" sizes=\"auto, (max-width: 2560px) 100vw, 2560px\" \/>            \n                        <\/div>\n            <!-- \/image-wrap -->\n        \n        \n            <\/div>\n    <!-- \/module image -->\n\n                        <\/div>\n                    \t\t<\/div>\n\t\t<!-- \/.tb-column -->\n\t\t\n\t\t\n                                <\/div>\n                                <!-- \/row_inner -->\n                        <\/div>\n                        <!-- \/module_row -->\n\t\t\t\n\t\t<!-- module_row -->\n\t\t\t<div  class=\"themify_builder_row module_row clearfix module_row_2 themify_builder_17295_row module_row_17295-2\">\n\t\t\t\t                                <div class=\"row_inner \" >\n\n                                    \n\t\t<div  class=\"tb-column col3-1 first module_column tb_17295_column module_column_0 module_column_17295-2-0\" >\n                                                                <div class=\"tb-column-inner\">\n                            \n\n    <!-- module image -->\n    <div  id=\"image-17295-2-0-0\" class=\"module module-image image-17295-2-0-0  image-top  \">\n\n        \n        <div class=\"image-wrap\">\n                            <img loading=\"lazy\" decoding=\"async\" width=\"1200\" height=\"1600\" src=\"https:\/\/projetodevida.org.br\/site\/wp-content\/uploads\/2024\/08\/WhatsApp-Image-2023-08-21-at-09.52.25.jpeg\" class=\" wp-post-image wp-image-17401\" alt=\"WhatsApp Image 2023-08-21 at 09.52.25\" srcset=\"https:\/\/projetodevida.org.br\/site\/wp-content\/uploads\/2024\/08\/WhatsApp-Image-2023-08-21-at-09.52.25.jpeg 1200w, https:\/\/projetodevida.org.br\/site\/wp-content\/uploads\/2024\/08\/WhatsApp-Image-2023-08-21-at-09.52.25-225x300.jpeg 225w, https:\/\/projetodevida.org.br\/site\/wp-content\/uploads\/2024\/08\/WhatsApp-Image-2023-08-21-at-09.52.25-768x1024.jpeg 768w, https:\/\/projetodevida.org.br\/site\/wp-content\/uploads\/2024\/08\/WhatsApp-Image-2023-08-21-at-09.52.25-1152x1536.jpeg 1152w\" sizes=\"auto, (max-width: 1200px) 100vw, 1200px\" \/>            \n                        <\/div>\n            <!-- \/image-wrap -->\n        \n        \n            <\/div>\n    <!-- \/module image -->\n\n                        <\/div>\n                    \t\t<\/div>\n\t\t<!-- \/.tb-column -->\n\t\t\n\t\t\n\t\t<div  class=\"tb-column col3-1 middle module_column tb_17295_column module_column_1 module_column_17295-2-1\" >\n                                                                <div class=\"tb-column-inner\">\n                            \n\n    <!-- module image -->\n    <div  id=\"image-17295-2-1-0\" class=\"module module-image image-17295-2-1-0  image-top  \">\n\n        \n        <div class=\"image-wrap\">\n                            <img loading=\"lazy\" decoding=\"async\" width=\"1600\" height=\"1200\" src=\"https:\/\/projetodevida.org.br\/site\/wp-content\/uploads\/2024\/08\/WhatsApp-Image-2023-08-21-at-09.52.55.jpeg\" class=\" wp-post-image wp-image-17400\" alt=\"WhatsApp Image 2023-08-21 at 09.52.55\" srcset=\"https:\/\/projetodevida.org.br\/site\/wp-content\/uploads\/2024\/08\/WhatsApp-Image-2023-08-21-at-09.52.55.jpeg 1600w, https:\/\/projetodevida.org.br\/site\/wp-content\/uploads\/2024\/08\/WhatsApp-Image-2023-08-21-at-09.52.55-300x225.jpeg 300w, https:\/\/projetodevida.org.br\/site\/wp-content\/uploads\/2024\/08\/WhatsApp-Image-2023-08-21-at-09.52.55-1024x768.jpeg 1024w, https:\/\/projetodevida.org.br\/site\/wp-content\/uploads\/2024\/08\/WhatsApp-Image-2023-08-21-at-09.52.55-768x576.jpeg 768w, https:\/\/projetodevida.org.br\/site\/wp-content\/uploads\/2024\/08\/WhatsApp-Image-2023-08-21-at-09.52.55-1536x1152.jpeg 1536w\" sizes=\"auto, (max-width: 1600px) 100vw, 1600px\" \/>            \n                        <\/div>\n            <!-- \/image-wrap -->\n        \n        \n            <\/div>\n    <!-- \/module image -->\n\n                        <\/div>\n                    \t\t<\/div>\n\t\t<!-- \/.tb-column -->\n\t\t\n\t\t\n\t\t<div  class=\"tb-column col3-1 last module_column tb_17295_column module_column_2 module_column_17295-2-2\" >\n                                                                <div class=\"tb-column-inner\">\n                            \n\n    <!-- module image -->\n    <div  id=\"image-17295-2-2-0\" class=\"module module-image image-17295-2-2-0  image-top  \">\n\n        \n        <div class=\"image-wrap\">\n                            <img loading=\"lazy\" decoding=\"async\" width=\"1600\" height=\"1200\" src=\"https:\/\/projetodevida.org.br\/site\/wp-content\/uploads\/2024\/08\/WhatsApp-Image-2023-08-21-at-09.53.13-1.jpeg\" class=\" wp-post-image wp-image-17399\" alt=\"WhatsApp Image 2023-08-21 at 09.53.13 (1)\" srcset=\"https:\/\/projetodevida.org.br\/site\/wp-content\/uploads\/2024\/08\/WhatsApp-Image-2023-08-21-at-09.53.13-1.jpeg 1600w, https:\/\/projetodevida.org.br\/site\/wp-content\/uploads\/2024\/08\/WhatsApp-Image-2023-08-21-at-09.53.13-1-300x225.jpeg 300w, https:\/\/projetodevida.org.br\/site\/wp-content\/uploads\/2024\/08\/WhatsApp-Image-2023-08-21-at-09.53.13-1-1024x768.jpeg 1024w, https:\/\/projetodevida.org.br\/site\/wp-content\/uploads\/2024\/08\/WhatsApp-Image-2023-08-21-at-09.53.13-1-768x576.jpeg 768w, https:\/\/projetodevida.org.br\/site\/wp-content\/uploads\/2024\/08\/WhatsApp-Image-2023-08-21-at-09.53.13-1-1536x1152.jpeg 1536w\" sizes=\"auto, (max-width: 1600px) 100vw, 1600px\" \/>            \n                        <\/div>\n            <!-- \/image-wrap -->\n        \n        \n            <\/div>\n    <!-- \/module image -->\n\n                        <\/div>\n                    \t\t<\/div>\n\t\t<!-- \/.tb-column -->\n\t\t\n\t\t\n                                <\/div>\n                                <!-- \/row_inner -->\n                        <\/div>\n                        <!-- \/module_row -->\n\t\t<\/div>\n\n","protected":false},"excerpt":{"rendered":"<p>O Projeto de Vida inaugurou o N\u00facleo Lempp: uma gest\u00e3o compartilhada entre a Osc e o Projeto Social Abra\u00e7ar @psabracar O objetivo \u00e9 retornar onde iniciamos a nossa hist\u00f3ria, em prol de levar oficinas gratuitas \u00e0 comunidade, trazendo a transforma\u00e7\u00e3o. O evento foi marcado por uma rua de lazer, muita musica, pipoca, algod\u00e3o doce, cama [&hellip;]<\/p>\n","protected":false},"author":5,"featured_media":17398,"comment_status":"open","ping_status":"open","sticky":false,"template":"","format":"standard","meta":{"footnotes":""},"categories":[1,6,4],"tags":[],"class_list":["post-17295","post","type-post","status-publish","format-standard","has-post-thumbnail","hentry","category-acoes","category-galeria-de-fotos","category-noticias","has-post-title","no-post-date","has-post-category","has-post-tag","has-post-comment","has-post-author",""," cat-1"," cat-6"," cat-4"],"_links":{"self":[{"href":"https:\/\/projetodevida.org.br\/site\/wp-json\/wp\/v2\/posts\/17295","targetHints":{"allow":["GET"]}}],"collection":[{"href":"https:\/\/projetodevida.org.br\/site\/wp-json\/wp\/v2\/posts"}],"about":[{"href":"https:\/\/projetodevida.org.br\/site\/wp-json\/wp\/v2\/types\/post"}],"author":[{"embeddable":true,"href":"https:\/\/projetodevida.org.br\/site\/wp-json\/wp\/v2\/users\/5"}],"replies":[{"embeddable":true,"href":"https:\/\/projetodevida.org.br\/site\/wp-json\/wp\/v2\/comments?post=17295"}],"version-history":[{"count":7,"href":"https:\/\/projetodevida.org.br\/site\/wp-json\/wp\/v2\/posts\/17295\/revisions"}],"predecessor-version":[{"id":17410,"href":"https:\/\/projetodevida.org.br\/site\/wp-json\/wp\/v2\/posts\/17295\/revisions\/17410"}],"wp:featuredmedia":[{"embeddable":true,"href":"https:\/\/projetodevida.org.br\/site\/wp-json\/wp\/v2\/media\/17398"}],"wp:attachment":[{"href":"https:\/\/projetodevida.org.br\/site\/wp-json\/wp\/v2\/media?parent=17295"}],"wp:term":[{"taxonomy":"category","embeddable":true,"href":"https:\/\/projetodevida.org.br\/site\/wp-json\/wp\/v2\/categories?post=17295"},{"taxonomy":"post_tag","embeddable":true,"href":"https:\/\/projetodevida.org.br\/site\/wp-json\/wp\/v2\/tags?post=17295"}],"curies":[{"name":"wp","href":"https:\/\/api.w.org\/{rel}","templated":true}]}}