{"id":17297,"date":"2023-08-16T15:50:40","date_gmt":"2023-08-16T18:50:40","guid":{"rendered":"https:\/\/projetodevida.org.br\/site\/?p=17297"},"modified":"2024-09-17T12:55:07","modified_gmt":"2024-09-17T15:55:07","slug":"aniversario-ubs-celso-alves","status":"publish","type":"post","link":"https:\/\/projetodevida.org.br\/site\/2023\/08\/16\/aniversario-ubs-celso-alves\/","title":{"rendered":"Anivers\u00e1rio Ubs Celso Alves"},"content":{"rendered":"<div id=\"themify_builder_content-17297\" data-postid=\"17297\" class=\"themify_builder_content themify_builder_content-17297 themify_builder\">\n\n    \t\n\t\t<!-- module_row -->\n\t\t\t<div  class=\"themify_builder_row module_row clearfix repeat fullwidth_row_container module_row_0 themify_builder_17297_row module_row_17297-0\">\n\t\t\t\t                                <div class=\"row_inner \"   data-basecol=\"2\" data-col_mobile=\"column-full\">\n\n                                    \n\t\t<div style=\"width:92%\" class=\"tb-column col4-2 first module_column tb_17297_column module_column_0 module_column_17297-0-0\" >\n                                                                <div class=\"tb-column-inner\">\n                            \n\n<!-- module text -->\n<div  id=\"text-17297-0-0-0\" class=\"module module-text text-17297-0-0-0  repeat \">\n    \n    <p>Projeto de Vida marcando presen\u00e7a no anivers\u00e1rio de 2 anos da UBS Celso Alves Pedrosa!<br \/><br \/>\u00c9 sempre um prazer proporcionar momentos de alegria e cantoria para toda comunidade.<br \/><br \/>Agradecemos o convite\u00a0<a href=\"https:\/\/www.instagram.com\/tiacidabetim\/\">@tiacidabetim<\/a>\u00a0, nos encontraremos em breve&#8230;<\/p><\/div>\n<!-- \/module text -->\n                        <\/div>\n                    \t\t<\/div>\n\t\t<!-- \/.tb-column -->\n\t\t\n\t\t\n\t\t<div style=\"width:4.8%\" class=\"tb-column col4-2 last module_column tb_17297_column module_column_1 module_column_17297-0-1\" >\n                                        \t\t<\/div>\n\t\t<!-- \/.tb-column -->\n\t\t\n\t\t\n                                <\/div>\n                                <!-- \/row_inner -->\n                        <\/div>\n                        <!-- \/module_row -->\n\t\t\t\n\t\t<!-- module_row -->\n\t\t\t<div  class=\"themify_builder_row module_row clearfix repeat fullwidth_row_container module_row_1 themify_builder_17297_row module_row_17297-1\">\n\t\t\t\t                                <div class=\"row_inner \" >\n\n                                    \n\t\t<div  class=\"tb-column col3-1 first module_column tb_17297_column module_column_0 module_column_17297-1-0\" >\n                                                                <div class=\"tb-column-inner\">\n                            \n\n    <!-- module image -->\n    <div  id=\"image-17297-1-0-0\" class=\"module module-image image-17297-1-0-0  image-top  \">\n\n        \n        <div class=\"image-wrap\">\n                            <img loading=\"lazy\" decoding=\"async\" width=\"2560\" height=\"1707\" src=\"https:\/\/projetodevida.org.br\/site\/wp-content\/uploads\/2024\/08\/Raw-Photo-27-scaled.jpg\" class=\" wp-post-image wp-image-17416\" alt=\"Raw Photo (27)\" srcset=\"https:\/\/projetodevida.org.br\/site\/wp-content\/uploads\/2024\/08\/Raw-Photo-27-scaled.jpg 2560w, https:\/\/projetodevida.org.br\/site\/wp-content\/uploads\/2024\/08\/Raw-Photo-27-300x200.jpg 300w, https:\/\/projetodevida.org.br\/site\/wp-content\/uploads\/2024\/08\/Raw-Photo-27-1024x683.jpg 1024w, https:\/\/projetodevida.org.br\/site\/wp-content\/uploads\/2024\/08\/Raw-Photo-27-768x512.jpg 768w, https:\/\/projetodevida.org.br\/site\/wp-content\/uploads\/2024\/08\/Raw-Photo-27-1536x1024.jpg 1536w, https:\/\/projetodevida.org.br\/site\/wp-content\/uploads\/2024\/08\/Raw-Photo-27-2048x1365.jpg 2048w\" sizes=\"auto, (max-width: 2560px) 100vw, 2560px\" \/>            \n                        <\/div>\n            <!-- \/image-wrap -->\n        \n        \n            <\/div>\n    <!-- \/module image -->\n\n                        <\/div>\n                    \t\t<\/div>\n\t\t<!-- \/.tb-column -->\n\t\t\n\t\t\n\t\t<div  class=\"tb-column col3-1 middle module_column tb_17297_column module_column_1 module_column_17297-1-1\" >\n                                                                <div class=\"tb-column-inner\">\n                            \n\n    <!-- module image -->\n    <div  id=\"image-17297-1-1-0\" class=\"module module-image image-17297-1-1-0  image-top  \">\n\n        \n        <div class=\"image-wrap\">\n                            <img loading=\"lazy\" decoding=\"async\" width=\"2560\" height=\"1707\" src=\"https:\/\/projetodevida.org.br\/site\/wp-content\/uploads\/2024\/08\/Raw-Photo-11-scaled.jpg\" class=\" wp-post-image wp-image-17411\" alt=\"Raw Photo (11)\" srcset=\"https:\/\/projetodevida.org.br\/site\/wp-content\/uploads\/2024\/08\/Raw-Photo-11-scaled.jpg 2560w, https:\/\/projetodevida.org.br\/site\/wp-content\/uploads\/2024\/08\/Raw-Photo-11-300x200.jpg 300w, https:\/\/projetodevida.org.br\/site\/wp-content\/uploads\/2024\/08\/Raw-Photo-11-1024x683.jpg 1024w, https:\/\/projetodevida.org.br\/site\/wp-content\/uploads\/2024\/08\/Raw-Photo-11-768x512.jpg 768w, https:\/\/projetodevida.org.br\/site\/wp-content\/uploads\/2024\/08\/Raw-Photo-11-1536x1024.jpg 1536w, https:\/\/projetodevida.org.br\/site\/wp-content\/uploads\/2024\/08\/Raw-Photo-11-2048x1365.jpg 2048w\" sizes=\"auto, (max-width: 2560px) 100vw, 2560px\" \/>            \n                        <\/div>\n            <!-- \/image-wrap -->\n        \n        \n            <\/div>\n    <!-- \/module image -->\n\n                        <\/div>\n                    \t\t<\/div>\n\t\t<!-- \/.tb-column -->\n\t\t\n\t\t\n\t\t<div  class=\"tb-column col3-1 last module_column tb_17297_column module_column_2 module_column_17297-1-2\" >\n                                                                <div class=\"tb-column-inner\">\n                            \n\n    <!-- module image -->\n    <div  id=\"image-17297-1-2-0\" class=\"module module-image image-17297-1-2-0  image-top  \">\n\n        \n        <div class=\"image-wrap\">\n                            <img loading=\"lazy\" decoding=\"async\" width=\"2560\" height=\"1707\" src=\"https:\/\/projetodevida.org.br\/site\/wp-content\/uploads\/2024\/08\/Raw-Photo-16-scaled.jpg\" class=\" wp-post-image wp-image-17412\" alt=\"Raw Photo (16)\" srcset=\"https:\/\/projetodevida.org.br\/site\/wp-content\/uploads\/2024\/08\/Raw-Photo-16-scaled.jpg 2560w, https:\/\/projetodevida.org.br\/site\/wp-content\/uploads\/2024\/08\/Raw-Photo-16-300x200.jpg 300w, https:\/\/projetodevida.org.br\/site\/wp-content\/uploads\/2024\/08\/Raw-Photo-16-1024x683.jpg 1024w, https:\/\/projetodevida.org.br\/site\/wp-content\/uploads\/2024\/08\/Raw-Photo-16-768x512.jpg 768w, https:\/\/projetodevida.org.br\/site\/wp-content\/uploads\/2024\/08\/Raw-Photo-16-1536x1024.jpg 1536w, https:\/\/projetodevida.org.br\/site\/wp-content\/uploads\/2024\/08\/Raw-Photo-16-2048x1365.jpg 2048w\" sizes=\"auto, (max-width: 2560px) 100vw, 2560px\" \/>            \n                        <\/div>\n            <!-- \/image-wrap -->\n        \n        \n            <\/div>\n    <!-- \/module image -->\n\n                        <\/div>\n                    \t\t<\/div>\n\t\t<!-- \/.tb-column -->\n\t\t\n\t\t\n                                <\/div>\n                                <!-- \/row_inner -->\n                        <\/div>\n                        <!-- \/module_row -->\n\t\t\t\n\t\t<!-- module_row -->\n\t\t\t<div  class=\"themify_builder_row module_row clearfix module_row_2 themify_builder_17297_row module_row_17297-2\">\n\t\t\t\t                                <div class=\"row_inner \" >\n\n                                    \n\t\t<div  class=\"tb-column col3-1 first module_column tb_17297_column module_column_0 module_column_17297-2-0\" >\n                                                                <div class=\"tb-column-inner\">\n                            \n\n    <!-- module image -->\n    <div  id=\"image-17297-2-0-0\" class=\"module module-image image-17297-2-0-0  image-top  \">\n\n        \n        <div class=\"image-wrap\">\n                            <img loading=\"lazy\" decoding=\"async\" width=\"2560\" height=\"1707\" src=\"https:\/\/projetodevida.org.br\/site\/wp-content\/uploads\/2024\/08\/Raw-Photo-23-scaled.jpg\" class=\" wp-post-image wp-image-17413\" alt=\"Raw Photo (23)\" srcset=\"https:\/\/projetodevida.org.br\/site\/wp-content\/uploads\/2024\/08\/Raw-Photo-23-scaled.jpg 2560w, https:\/\/projetodevida.org.br\/site\/wp-content\/uploads\/2024\/08\/Raw-Photo-23-300x200.jpg 300w, https:\/\/projetodevida.org.br\/site\/wp-content\/uploads\/2024\/08\/Raw-Photo-23-1024x683.jpg 1024w, https:\/\/projetodevida.org.br\/site\/wp-content\/uploads\/2024\/08\/Raw-Photo-23-768x512.jpg 768w, https:\/\/projetodevida.org.br\/site\/wp-content\/uploads\/2024\/08\/Raw-Photo-23-1536x1024.jpg 1536w, https:\/\/projetodevida.org.br\/site\/wp-content\/uploads\/2024\/08\/Raw-Photo-23-2048x1365.jpg 2048w\" sizes=\"auto, (max-width: 2560px) 100vw, 2560px\" \/>            \n                        <\/div>\n            <!-- \/image-wrap -->\n        \n        \n            <\/div>\n    <!-- \/module image -->\n\n                        <\/div>\n                    \t\t<\/div>\n\t\t<!-- \/.tb-column -->\n\t\t\n\t\t\n\t\t<div  class=\"tb-column col3-1 middle module_column tb_17297_column module_column_1 module_column_17297-2-1\" >\n                                                                <div class=\"tb-column-inner\">\n                            \n\n    <!-- module image -->\n    <div  id=\"image-17297-2-1-0\" class=\"module module-image image-17297-2-1-0  image-top  \">\n\n        \n        <div class=\"image-wrap\">\n                            <img loading=\"lazy\" decoding=\"async\" width=\"2560\" height=\"1707\" src=\"https:\/\/projetodevida.org.br\/site\/wp-content\/uploads\/2024\/08\/Raw-Photo-4-scaled.jpg\" class=\" wp-post-image wp-image-17414\" alt=\"Raw Photo (4)\" srcset=\"https:\/\/projetodevida.org.br\/site\/wp-content\/uploads\/2024\/08\/Raw-Photo-4-scaled.jpg 2560w, https:\/\/projetodevida.org.br\/site\/wp-content\/uploads\/2024\/08\/Raw-Photo-4-300x200.jpg 300w, https:\/\/projetodevida.org.br\/site\/wp-content\/uploads\/2024\/08\/Raw-Photo-4-1024x683.jpg 1024w, https:\/\/projetodevida.org.br\/site\/wp-content\/uploads\/2024\/08\/Raw-Photo-4-768x512.jpg 768w, https:\/\/projetodevida.org.br\/site\/wp-content\/uploads\/2024\/08\/Raw-Photo-4-1536x1024.jpg 1536w, https:\/\/projetodevida.org.br\/site\/wp-content\/uploads\/2024\/08\/Raw-Photo-4-2048x1365.jpg 2048w\" sizes=\"auto, (max-width: 2560px) 100vw, 2560px\" \/>            \n                        <\/div>\n            <!-- \/image-wrap -->\n        \n        \n            <\/div>\n    <!-- \/module image -->\n\n                        <\/div>\n                    \t\t<\/div>\n\t\t<!-- \/.tb-column -->\n\t\t\n\t\t\n\t\t<div  class=\"tb-column col3-1 last module_column tb_17297_column module_column_2 module_column_17297-2-2\" >\n                                                                <div class=\"tb-column-inner\">\n                            \n\n    <!-- module image -->\n    <div  id=\"image-17297-2-2-0\" class=\"module module-image image-17297-2-2-0  image-top  \">\n\n        \n        <div class=\"image-wrap\">\n                            <img loading=\"lazy\" decoding=\"async\" width=\"1200\" height=\"1600\" src=\"https:\/\/projetodevida.org.br\/site\/wp-content\/uploads\/2024\/08\/WhatsApp-Image-2023-08-16-at-14.58.44.jpeg\" class=\" wp-post-image wp-image-17415\" alt=\"WhatsApp Image 2023-08-16 at 14.58.44\" srcset=\"https:\/\/projetodevida.org.br\/site\/wp-content\/uploads\/2024\/08\/WhatsApp-Image-2023-08-16-at-14.58.44.jpeg 1200w, https:\/\/projetodevida.org.br\/site\/wp-content\/uploads\/2024\/08\/WhatsApp-Image-2023-08-16-at-14.58.44-225x300.jpeg 225w, https:\/\/projetodevida.org.br\/site\/wp-content\/uploads\/2024\/08\/WhatsApp-Image-2023-08-16-at-14.58.44-768x1024.jpeg 768w, https:\/\/projetodevida.org.br\/site\/wp-content\/uploads\/2024\/08\/WhatsApp-Image-2023-08-16-at-14.58.44-1152x1536.jpeg 1152w\" sizes=\"auto, (max-width: 1200px) 100vw, 1200px\" \/>            \n                        <\/div>\n            <!-- \/image-wrap -->\n        \n        \n            <\/div>\n    <!-- \/module image -->\n\n                        <\/div>\n                    \t\t<\/div>\n\t\t<!-- \/.tb-column -->\n\t\t\n\t\t\n                                <\/div>\n                                <!-- \/row_inner -->\n                        <\/div>\n                        <!-- \/module_row -->\n\t\t<\/div>\n\n","protected":false},"excerpt":{"rendered":"<p>Projeto de Vida marcando presen\u00e7a no anivers\u00e1rio de 2 anos da UBS Celso Alves Pedrosa! \u00c9 sempre um prazer proporcionar momentos de alegria e cantoria para toda comunidade. Agradecemos o convite\u00a0@tiacidabetim\u00a0, nos encontraremos em breve&#8230;<\/p>\n","protected":false},"author":5,"featured_media":17412,"comment_status":"open","ping_status":"open","sticky":false,"template":"","format":"standard","meta":{"footnotes":""},"categories":[1,6,4],"tags":[],"class_list":["post-17297","post","type-post","status-publish","format-standard","has-post-thumbnail","hentry","category-acoes","category-galeria-de-fotos","category-noticias","has-post-title","no-post-date","has-post-category","has-post-tag","has-post-comment","has-post-author",""," cat-1"," cat-6"," cat-4"],"_links":{"self":[{"href":"https:\/\/projetodevida.org.br\/site\/wp-json\/wp\/v2\/posts\/17297","targetHints":{"allow":["GET"]}}],"collection":[{"href":"https:\/\/projetodevida.org.br\/site\/wp-json\/wp\/v2\/posts"}],"about":[{"href":"https:\/\/projetodevida.org.br\/site\/wp-json\/wp\/v2\/types\/post"}],"author":[{"embeddable":true,"href":"https:\/\/projetodevida.org.br\/site\/wp-json\/wp\/v2\/users\/5"}],"replies":[{"embeddable":true,"href":"https:\/\/projetodevida.org.br\/site\/wp-json\/wp\/v2\/comments?post=17297"}],"version-history":[{"count":7,"href":"https:\/\/projetodevida.org.br\/site\/wp-json\/wp\/v2\/posts\/17297\/revisions"}],"predecessor-version":[{"id":17422,"href":"https:\/\/projetodevida.org.br\/site\/wp-json\/wp\/v2\/posts\/17297\/revisions\/17422"}],"wp:featuredmedia":[{"embeddable":true,"href":"https:\/\/projetodevida.org.br\/site\/wp-json\/wp\/v2\/media\/17412"}],"wp:attachment":[{"href":"https:\/\/projetodevida.org.br\/site\/wp-json\/wp\/v2\/media?parent=17297"}],"wp:term":[{"taxonomy":"category","embeddable":true,"href":"https:\/\/projetodevida.org.br\/site\/wp-json\/wp\/v2\/categories?post=17297"},{"taxonomy":"post_tag","embeddable":true,"href":"https:\/\/projetodevida.org.br\/site\/wp-json\/wp\/v2\/tags?post=17297"}],"curies":[{"name":"wp","href":"https:\/\/api.w.org\/{rel}","templated":true}]}}