{"id":17299,"date":"2023-09-29T15:51:39","date_gmt":"2023-09-29T18:51:39","guid":{"rendered":"https:\/\/projetodevida.org.br\/site\/?p=17299"},"modified":"2024-09-17T12:56:24","modified_gmt":"2024-09-17T15:56:24","slug":"formatura-de-informatica-2023","status":"publish","type":"post","link":"https:\/\/projetodevida.org.br\/site\/2023\/09\/29\/formatura-de-informatica-2023\/","title":{"rendered":"Formatura de Inform\u00e1tica 2023"},"content":{"rendered":"<div id=\"themify_builder_content-17299\" data-postid=\"17299\" class=\"themify_builder_content themify_builder_content-17299 themify_builder\">\n\n    \t\n\t\t<!-- module_row -->\n\t\t\t<div  class=\"themify_builder_row module_row clearfix repeat fullwidth_row_container module_row_0 themify_builder_17299_row module_row_17299-0\">\n\t\t\t\t                                <div class=\"row_inner \"   data-basecol=\"2\" data-col_mobile=\"column-full\">\n\n                                    \n\t\t<div style=\"width:92%\" class=\"tb-column col4-2 first module_column tb_17299_column module_column_0 module_column_17299-0-0\" >\n                                                                <div class=\"tb-column-inner\">\n                            \n\n<!-- module text -->\n<div  id=\"text-17299-0-0-0\" class=\"module module-text text-17299-0-0-0  repeat \">\n    \n    <p>Dia especial! Realizamos a formatura dos alunos da Oficina de Inform\u00e1tica! Tudo foi preparado com muito carinho e cuidado! O evento foi marcado por muita emo\u00e7\u00e3o, m\u00fasica e alegria! O sucesso \u00e9 daqueles que batalham! Parab\u00e9ns a todos!<br \/>Agradecemos a presen\u00e7a de todos os familiares, alunos e colaboradores, que contribu\u00edram para que o evento tenha se tornado realidade! A nossa casa estava lotada!<\/p><\/div>\n<!-- \/module text -->\n                        <\/div>\n                    \t\t<\/div>\n\t\t<!-- \/.tb-column -->\n\t\t\n\t\t\n\t\t<div style=\"width:4.8%\" class=\"tb-column col4-2 last module_column tb_17299_column module_column_1 module_column_17299-0-1\" >\n                                        \t\t<\/div>\n\t\t<!-- \/.tb-column -->\n\t\t\n\t\t\n                                <\/div>\n                                <!-- \/row_inner -->\n                        <\/div>\n                        <!-- \/module_row -->\n\t\t\t\n\t\t<!-- module_row -->\n\t\t\t<div  class=\"themify_builder_row module_row clearfix repeat fullwidth_row_container module_row_1 themify_builder_17299_row module_row_17299-1\">\n\t\t\t\t                                <div class=\"row_inner \" >\n\n                                    \n\t\t<div  class=\"tb-column col3-1 first module_column tb_17299_column module_column_0 module_column_17299-1-0\" >\n                                                                <div class=\"tb-column-inner\">\n                            \n\n    <!-- module image -->\n    <div  id=\"image-17299-1-0-0\" class=\"module module-image image-17299-1-0-0  image-top  \">\n\n        \n        <div class=\"image-wrap\">\n                            <img loading=\"lazy\" decoding=\"async\" width=\"1600\" height=\"1066\" src=\"https:\/\/projetodevida.org.br\/site\/wp-content\/uploads\/2024\/08\/WhatsApp-Image-2024-09-17-at-09.11.41.jpeg\" class=\" wp-post-image wp-image-17424\" alt=\"WhatsApp Image 2024-09-17 at 09.11.41\" srcset=\"https:\/\/projetodevida.org.br\/site\/wp-content\/uploads\/2024\/08\/WhatsApp-Image-2024-09-17-at-09.11.41.jpeg 1600w, https:\/\/projetodevida.org.br\/site\/wp-content\/uploads\/2024\/08\/WhatsApp-Image-2024-09-17-at-09.11.41-300x200.jpeg 300w, https:\/\/projetodevida.org.br\/site\/wp-content\/uploads\/2024\/08\/WhatsApp-Image-2024-09-17-at-09.11.41-1024x682.jpeg 1024w, https:\/\/projetodevida.org.br\/site\/wp-content\/uploads\/2024\/08\/WhatsApp-Image-2024-09-17-at-09.11.41-768x512.jpeg 768w, https:\/\/projetodevida.org.br\/site\/wp-content\/uploads\/2024\/08\/WhatsApp-Image-2024-09-17-at-09.11.41-1536x1023.jpeg 1536w\" sizes=\"auto, (max-width: 1600px) 100vw, 1600px\" \/>            \n                        <\/div>\n            <!-- \/image-wrap -->\n        \n        \n            <\/div>\n    <!-- \/module image -->\n\n                        <\/div>\n                    \t\t<\/div>\n\t\t<!-- \/.tb-column -->\n\t\t\n\t\t\n\t\t<div  class=\"tb-column col3-1 middle module_column tb_17299_column module_column_1 module_column_17299-1-1\" >\n                                                                <div class=\"tb-column-inner\">\n                            \n\n    <!-- module image -->\n    <div  id=\"image-17299-1-1-0\" class=\"module module-image image-17299-1-1-0  image-top  \">\n\n        \n        <div class=\"image-wrap\">\n                            <img loading=\"lazy\" decoding=\"async\" width=\"1600\" height=\"1066\" src=\"https:\/\/projetodevida.org.br\/site\/wp-content\/uploads\/2024\/08\/WhatsApp-Image-2024-09-17-at-09.11.42-1.jpeg\" class=\" wp-post-image wp-image-17425\" alt=\"WhatsApp Image 2024-09-17 at 09.11.42 (1)\" srcset=\"https:\/\/projetodevida.org.br\/site\/wp-content\/uploads\/2024\/08\/WhatsApp-Image-2024-09-17-at-09.11.42-1.jpeg 1600w, https:\/\/projetodevida.org.br\/site\/wp-content\/uploads\/2024\/08\/WhatsApp-Image-2024-09-17-at-09.11.42-1-300x200.jpeg 300w, https:\/\/projetodevida.org.br\/site\/wp-content\/uploads\/2024\/08\/WhatsApp-Image-2024-09-17-at-09.11.42-1-1024x682.jpeg 1024w, https:\/\/projetodevida.org.br\/site\/wp-content\/uploads\/2024\/08\/WhatsApp-Image-2024-09-17-at-09.11.42-1-768x512.jpeg 768w, https:\/\/projetodevida.org.br\/site\/wp-content\/uploads\/2024\/08\/WhatsApp-Image-2024-09-17-at-09.11.42-1-1536x1023.jpeg 1536w\" sizes=\"auto, (max-width: 1600px) 100vw, 1600px\" \/>            \n                        <\/div>\n            <!-- \/image-wrap -->\n        \n        \n            <\/div>\n    <!-- \/module image -->\n\n                        <\/div>\n                    \t\t<\/div>\n\t\t<!-- \/.tb-column -->\n\t\t\n\t\t\n\t\t<div  class=\"tb-column col3-1 last module_column tb_17299_column module_column_2 module_column_17299-1-2\" >\n                                                                <div class=\"tb-column-inner\">\n                            \n\n    <!-- module image -->\n    <div  id=\"image-17299-1-2-0\" class=\"module module-image image-17299-1-2-0  image-top  \">\n\n        \n        <div class=\"image-wrap\">\n                            <img loading=\"lazy\" decoding=\"async\" width=\"1600\" height=\"1066\" src=\"https:\/\/projetodevida.org.br\/site\/wp-content\/uploads\/2024\/08\/WhatsApp-Image-2024-09-17-at-09.11.42-2.jpeg\" class=\" wp-post-image wp-image-17426\" alt=\"WhatsApp Image 2024-09-17 at 09.11.42 (2)\" srcset=\"https:\/\/projetodevida.org.br\/site\/wp-content\/uploads\/2024\/08\/WhatsApp-Image-2024-09-17-at-09.11.42-2.jpeg 1600w, https:\/\/projetodevida.org.br\/site\/wp-content\/uploads\/2024\/08\/WhatsApp-Image-2024-09-17-at-09.11.42-2-300x200.jpeg 300w, https:\/\/projetodevida.org.br\/site\/wp-content\/uploads\/2024\/08\/WhatsApp-Image-2024-09-17-at-09.11.42-2-1024x682.jpeg 1024w, https:\/\/projetodevida.org.br\/site\/wp-content\/uploads\/2024\/08\/WhatsApp-Image-2024-09-17-at-09.11.42-2-768x512.jpeg 768w, https:\/\/projetodevida.org.br\/site\/wp-content\/uploads\/2024\/08\/WhatsApp-Image-2024-09-17-at-09.11.42-2-1536x1023.jpeg 1536w\" sizes=\"auto, (max-width: 1600px) 100vw, 1600px\" \/>            \n                        <\/div>\n            <!-- \/image-wrap -->\n        \n        \n            <\/div>\n    <!-- \/module image -->\n\n                        <\/div>\n                    \t\t<\/div>\n\t\t<!-- \/.tb-column -->\n\t\t\n\t\t\n                                <\/div>\n                                <!-- \/row_inner -->\n                        <\/div>\n                        <!-- \/module_row -->\n\t\t\t\n\t\t<!-- module_row -->\n\t\t\t<div  class=\"themify_builder_row module_row clearfix module_row_2 themify_builder_17299_row module_row_17299-2\">\n\t\t\t\t                                <div class=\"row_inner \" >\n\n                                    \n\t\t<div  class=\"tb-column col3-1 first module_column tb_17299_column module_column_0 module_column_17299-2-0\" >\n                                                                <div class=\"tb-column-inner\">\n                            \n\n    <!-- module image -->\n    <div  id=\"image-17299-2-0-0\" class=\"module module-image image-17299-2-0-0  image-top  \">\n\n        \n        <div class=\"image-wrap\">\n                            <img loading=\"lazy\" decoding=\"async\" width=\"1600\" height=\"1066\" src=\"https:\/\/projetodevida.org.br\/site\/wp-content\/uploads\/2024\/08\/WhatsApp-Image-2024-09-17-at-09.11.42-3.jpeg\" class=\" wp-post-image wp-image-17427\" alt=\"WhatsApp Image 2024-09-17 at 09.11.42 (3)\" srcset=\"https:\/\/projetodevida.org.br\/site\/wp-content\/uploads\/2024\/08\/WhatsApp-Image-2024-09-17-at-09.11.42-3.jpeg 1600w, https:\/\/projetodevida.org.br\/site\/wp-content\/uploads\/2024\/08\/WhatsApp-Image-2024-09-17-at-09.11.42-3-300x200.jpeg 300w, https:\/\/projetodevida.org.br\/site\/wp-content\/uploads\/2024\/08\/WhatsApp-Image-2024-09-17-at-09.11.42-3-1024x682.jpeg 1024w, https:\/\/projetodevida.org.br\/site\/wp-content\/uploads\/2024\/08\/WhatsApp-Image-2024-09-17-at-09.11.42-3-768x512.jpeg 768w, https:\/\/projetodevida.org.br\/site\/wp-content\/uploads\/2024\/08\/WhatsApp-Image-2024-09-17-at-09.11.42-3-1536x1023.jpeg 1536w\" sizes=\"auto, (max-width: 1600px) 100vw, 1600px\" \/>            \n                        <\/div>\n            <!-- \/image-wrap -->\n        \n        \n            <\/div>\n    <!-- \/module image -->\n\n                        <\/div>\n                    \t\t<\/div>\n\t\t<!-- \/.tb-column -->\n\t\t\n\t\t\n\t\t<div  class=\"tb-column col3-1 middle module_column tb_17299_column module_column_1 module_column_17299-2-1\" >\n                                                                <div class=\"tb-column-inner\">\n                            \n\n    <!-- module image -->\n    <div  id=\"image-17299-2-1-0\" class=\"module module-image image-17299-2-1-0  image-top  \">\n\n        \n        <div class=\"image-wrap\">\n                            <img loading=\"lazy\" decoding=\"async\" width=\"1600\" height=\"1066\" src=\"https:\/\/projetodevida.org.br\/site\/wp-content\/uploads\/2024\/08\/WhatsApp-Image-2024-09-17-at-09.11.42.jpeg\" class=\" wp-post-image wp-image-17428\" alt=\"WhatsApp Image 2024-09-17 at 09.11.42\" srcset=\"https:\/\/projetodevida.org.br\/site\/wp-content\/uploads\/2024\/08\/WhatsApp-Image-2024-09-17-at-09.11.42.jpeg 1600w, https:\/\/projetodevida.org.br\/site\/wp-content\/uploads\/2024\/08\/WhatsApp-Image-2024-09-17-at-09.11.42-300x200.jpeg 300w, https:\/\/projetodevida.org.br\/site\/wp-content\/uploads\/2024\/08\/WhatsApp-Image-2024-09-17-at-09.11.42-1024x682.jpeg 1024w, https:\/\/projetodevida.org.br\/site\/wp-content\/uploads\/2024\/08\/WhatsApp-Image-2024-09-17-at-09.11.42-768x512.jpeg 768w, https:\/\/projetodevida.org.br\/site\/wp-content\/uploads\/2024\/08\/WhatsApp-Image-2024-09-17-at-09.11.42-1536x1023.jpeg 1536w\" sizes=\"auto, (max-width: 1600px) 100vw, 1600px\" \/>            \n                        <\/div>\n            <!-- \/image-wrap -->\n        \n        \n            <\/div>\n    <!-- \/module image -->\n\n                        <\/div>\n                    \t\t<\/div>\n\t\t<!-- \/.tb-column -->\n\t\t\n\t\t\n\t\t<div  class=\"tb-column col3-1 last module_column tb_17299_column module_column_2 module_column_17299-2-2\" >\n                                                                <div class=\"tb-column-inner\">\n                            \n\n    <!-- module image -->\n    <div  id=\"image-17299-2-2-0\" class=\"module module-image image-17299-2-2-0  image-top  \">\n\n        \n        <div class=\"image-wrap\">\n                            <img loading=\"lazy\" decoding=\"async\" width=\"1600\" height=\"1066\" src=\"https:\/\/projetodevida.org.br\/site\/wp-content\/uploads\/2024\/08\/WhatsApp-Image-2024-09-17-at-09.36.33.jpeg\" class=\" wp-post-image wp-image-17429\" alt=\"WhatsApp Image 2024-09-17 at 09.36.33\" srcset=\"https:\/\/projetodevida.org.br\/site\/wp-content\/uploads\/2024\/08\/WhatsApp-Image-2024-09-17-at-09.36.33.jpeg 1600w, https:\/\/projetodevida.org.br\/site\/wp-content\/uploads\/2024\/08\/WhatsApp-Image-2024-09-17-at-09.36.33-300x200.jpeg 300w, https:\/\/projetodevida.org.br\/site\/wp-content\/uploads\/2024\/08\/WhatsApp-Image-2024-09-17-at-09.36.33-1024x682.jpeg 1024w, https:\/\/projetodevida.org.br\/site\/wp-content\/uploads\/2024\/08\/WhatsApp-Image-2024-09-17-at-09.36.33-768x512.jpeg 768w, https:\/\/projetodevida.org.br\/site\/wp-content\/uploads\/2024\/08\/WhatsApp-Image-2024-09-17-at-09.36.33-1536x1023.jpeg 1536w\" sizes=\"auto, (max-width: 1600px) 100vw, 1600px\" \/>            \n                        <\/div>\n            <!-- \/image-wrap -->\n        \n        \n            <\/div>\n    <!-- \/module image -->\n\n                        <\/div>\n                    \t\t<\/div>\n\t\t<!-- \/.tb-column -->\n\t\t\n\t\t\n                                <\/div>\n                                <!-- \/row_inner -->\n                        <\/div>\n                        <!-- \/module_row -->\n\t\t<\/div>\n\n","protected":false},"excerpt":{"rendered":"<p>Dia especial! Realizamos a formatura dos alunos da Oficina de Inform\u00e1tica! Tudo foi preparado com muito carinho e cuidado! O evento foi marcado por muita emo\u00e7\u00e3o, m\u00fasica e alegria! O sucesso \u00e9 daqueles que batalham! Parab\u00e9ns a todos!Agradecemos a presen\u00e7a de todos os familiares, alunos e colaboradores, que contribu\u00edram para que o evento tenha se [&hellip;]<\/p>\n","protected":false},"author":5,"featured_media":17428,"comment_status":"open","ping_status":"open","sticky":false,"template":"","format":"standard","meta":{"footnotes":""},"categories":[1,6,4],"tags":[],"class_list":["post-17299","post","type-post","status-publish","format-standard","has-post-thumbnail","hentry","category-acoes","category-galeria-de-fotos","category-noticias","has-post-title","no-post-date","has-post-category","has-post-tag","has-post-comment","has-post-author",""," cat-1"," cat-6"," cat-4"],"_links":{"self":[{"href":"https:\/\/projetodevida.org.br\/site\/wp-json\/wp\/v2\/posts\/17299","targetHints":{"allow":["GET"]}}],"collection":[{"href":"https:\/\/projetodevida.org.br\/site\/wp-json\/wp\/v2\/posts"}],"about":[{"href":"https:\/\/projetodevida.org.br\/site\/wp-json\/wp\/v2\/types\/post"}],"author":[{"embeddable":true,"href":"https:\/\/projetodevida.org.br\/site\/wp-json\/wp\/v2\/users\/5"}],"replies":[{"embeddable":true,"href":"https:\/\/projetodevida.org.br\/site\/wp-json\/wp\/v2\/comments?post=17299"}],"version-history":[{"count":8,"href":"https:\/\/projetodevida.org.br\/site\/wp-json\/wp\/v2\/posts\/17299\/revisions"}],"predecessor-version":[{"id":17436,"href":"https:\/\/projetodevida.org.br\/site\/wp-json\/wp\/v2\/posts\/17299\/revisions\/17436"}],"wp:featuredmedia":[{"embeddable":true,"href":"https:\/\/projetodevida.org.br\/site\/wp-json\/wp\/v2\/media\/17428"}],"wp:attachment":[{"href":"https:\/\/projetodevida.org.br\/site\/wp-json\/wp\/v2\/media?parent=17299"}],"wp:term":[{"taxonomy":"category","embeddable":true,"href":"https:\/\/projetodevida.org.br\/site\/wp-json\/wp\/v2\/categories?post=17299"},{"taxonomy":"post_tag","embeddable":true,"href":"https:\/\/projetodevida.org.br\/site\/wp-json\/wp\/v2\/tags?post=17299"}],"curies":[{"name":"wp","href":"https:\/\/api.w.org\/{rel}","templated":true}]}}