{"id":17305,"date":"2023-10-20T15:53:33","date_gmt":"2023-10-20T18:53:33","guid":{"rendered":"https:\/\/projetodevida.org.br\/site\/?p=17305"},"modified":"2024-09-23T17:58:23","modified_gmt":"2024-09-23T20:58:23","slug":"visita-e-apresentacao-na-funed-2023","status":"publish","type":"post","link":"https:\/\/projetodevida.org.br\/site\/2023\/10\/20\/visita-e-apresentacao-na-funed-2023\/","title":{"rendered":"Visita e Apresenta\u00e7\u00e3o na Funed 2023"},"content":{"rendered":"<div id=\"themify_builder_content-17305\" data-postid=\"17305\" class=\"themify_builder_content themify_builder_content-17305 themify_builder\">\n\n    \t\n\t\t<!-- module_row -->\n\t\t\t<div  class=\"themify_builder_row module_row clearfix repeat fullwidth_row_container module_row_0 themify_builder_17305_row module_row_17305-0\">\n\t\t\t\t                                <div class=\"row_inner \"   data-basecol=\"2\" data-col_mobile=\"column-full\">\n\n                                    \n\t\t<div style=\"width:92%\" class=\"tb-column col4-2 first module_column tb_17305_column module_column_0 module_column_17305-0-0\" >\n                                                                <div class=\"tb-column-inner\">\n                            \n\n<!-- module text -->\n<div  id=\"text-17305-0-0-0\" class=\"module module-text text-17305-0-0-0  repeat \">\n    \n    <p>No dia 19\/10, recebemos um convite da Funda\u00e7\u00e3o Ezequiel Dias (Funed) em virtude da Semana Nacional de Ci\u00eancia e Tecnologia, com isso foi apresentado para os alunos do Projeto de Vida a biblioteca cientifica com acervos hist\u00f3ricos, uma representa\u00e7\u00e3o do laborat\u00f3rio da \u00e9poca com pe\u00e7as centen\u00e1rias, o serpent\u00e1rio com os animais vivos e o caminh\u00e3o de arboviroses explicando as principais doen\u00e7a.<br \/>Agradecemos a\u00a0<a href=\"https:\/\/www.instagram.com\/funedmg\/\">@funedmg<\/a>\u00a0pelo convite e conhecimento adquirido.<\/p>\n<p>Teve apresenta\u00e7\u00e3o Hoje os alunos e educadores do Projeto de Vida, realizaram uma apresenta\u00e7\u00e3o na Funda\u00e7\u00e3o Ezequiel Dias- FUNED, em comemora\u00e7\u00e3o a Semana do Servidor.<br \/>Agradecemos a\u00a0<a href=\"https:\/\/www.instagram.com\/funedmg\/\">@funedmg<\/a>\u00a0pelo convite, foi uma honra fazer parte desse momento\u263a\ufe0f.<\/p><\/div>\n<!-- \/module text -->\n                        <\/div>\n                    \t\t<\/div>\n\t\t<!-- \/.tb-column -->\n\t\t\n\t\t\n\t\t<div style=\"width:4.8%\" class=\"tb-column col4-2 last module_column tb_17305_column module_column_1 module_column_17305-0-1\" >\n                                        \t\t<\/div>\n\t\t<!-- \/.tb-column -->\n\t\t\n\t\t\n                                <\/div>\n                                <!-- \/row_inner -->\n                        <\/div>\n                        <!-- \/module_row -->\n\t\t\t\n\t\t<!-- module_row -->\n\t\t\t<div  class=\"themify_builder_row module_row clearfix repeat fullwidth_row_container module_row_1 themify_builder_17305_row module_row_17305-1\">\n\t\t\t\t                                <div class=\"row_inner \" >\n\n                                    \n\t\t<div  class=\"tb-column col3-1 first module_column tb_17305_column module_column_0 module_column_17305-1-0\" >\n                                                                <div class=\"tb-column-inner\">\n                            \n\n    <!-- module image -->\n    <div  id=\"image-17305-1-0-0\" class=\"module module-image image-17305-1-0-0  image-top  \">\n\n        \n        <div class=\"image-wrap\">\n                            <img loading=\"lazy\" decoding=\"async\" width=\"768\" height=\"1024\" src=\"https:\/\/projetodevida.org.br\/site\/wp-content\/uploads\/2023\/10\/WhatsApp-Image-2023-10-20-at-09.52.18-4.jpeg\" class=\" wp-post-image wp-image-17475\" alt=\"WhatsApp Image 2023-10-20 at 09.52.18 (4)\" srcset=\"https:\/\/projetodevida.org.br\/site\/wp-content\/uploads\/2023\/10\/WhatsApp-Image-2023-10-20-at-09.52.18-4.jpeg 768w, https:\/\/projetodevida.org.br\/site\/wp-content\/uploads\/2023\/10\/WhatsApp-Image-2023-10-20-at-09.52.18-4-225x300.jpeg 225w\" sizes=\"auto, (max-width: 768px) 100vw, 768px\" \/>            \n                        <\/div>\n            <!-- \/image-wrap -->\n        \n        \n            <\/div>\n    <!-- \/module image -->\n\n                        <\/div>\n                    \t\t<\/div>\n\t\t<!-- \/.tb-column -->\n\t\t\n\t\t\n\t\t<div  class=\"tb-column col3-1 middle module_column tb_17305_column module_column_1 module_column_17305-1-1\" >\n                                                                <div class=\"tb-column-inner\">\n                            \n\n    <!-- module image -->\n    <div  id=\"image-17305-1-1-0\" class=\"module module-image image-17305-1-1-0  image-top  \">\n\n        \n        <div class=\"image-wrap\">\n                            <img loading=\"lazy\" decoding=\"async\" width=\"768\" height=\"1024\" src=\"https:\/\/projetodevida.org.br\/site\/wp-content\/uploads\/2023\/10\/WhatsApp-Image-2023-10-20-at-09.52.18-1.jpeg\" class=\" wp-post-image wp-image-17476\" alt=\"WhatsApp Image 2023-10-20 at 09.52.18 (1)\" srcset=\"https:\/\/projetodevida.org.br\/site\/wp-content\/uploads\/2023\/10\/WhatsApp-Image-2023-10-20-at-09.52.18-1.jpeg 768w, https:\/\/projetodevida.org.br\/site\/wp-content\/uploads\/2023\/10\/WhatsApp-Image-2023-10-20-at-09.52.18-1-225x300.jpeg 225w\" sizes=\"auto, (max-width: 768px) 100vw, 768px\" \/>            \n                        <\/div>\n            <!-- \/image-wrap -->\n        \n        \n            <\/div>\n    <!-- \/module image -->\n\n                        <\/div>\n                    \t\t<\/div>\n\t\t<!-- \/.tb-column -->\n\t\t\n\t\t\n\t\t<div  class=\"tb-column col3-1 last module_column tb_17305_column module_column_2 module_column_17305-1-2\" >\n                                                                <div class=\"tb-column-inner\">\n                            \n\n    <!-- module image -->\n    <div  id=\"image-17305-1-2-0\" class=\"module module-image image-17305-1-2-0  image-top  \">\n\n        \n        <div class=\"image-wrap\">\n                            <img loading=\"lazy\" decoding=\"async\" width=\"768\" height=\"1024\" src=\"https:\/\/projetodevida.org.br\/site\/wp-content\/uploads\/2023\/10\/WhatsApp-Image-2023-10-20-at-09.52.18-2.jpeg\" class=\" wp-post-image wp-image-17473\" alt=\"WhatsApp Image 2023-10-20 at 09.52.18 (2)\" srcset=\"https:\/\/projetodevida.org.br\/site\/wp-content\/uploads\/2023\/10\/WhatsApp-Image-2023-10-20-at-09.52.18-2.jpeg 768w, https:\/\/projetodevida.org.br\/site\/wp-content\/uploads\/2023\/10\/WhatsApp-Image-2023-10-20-at-09.52.18-2-225x300.jpeg 225w\" sizes=\"auto, (max-width: 768px) 100vw, 768px\" \/>            \n                        <\/div>\n            <!-- \/image-wrap -->\n        \n        \n            <\/div>\n    <!-- \/module image -->\n\n                        <\/div>\n                    \t\t<\/div>\n\t\t<!-- \/.tb-column -->\n\t\t\n\t\t\n                                <\/div>\n                                <!-- \/row_inner -->\n                        <\/div>\n                        <!-- \/module_row -->\n\t\t\t\n\t\t<!-- module_row -->\n\t\t\t<div  class=\"themify_builder_row module_row clearfix module_row_2 themify_builder_17305_row module_row_17305-2\">\n\t\t\t\t                                <div class=\"row_inner \" >\n\n                                    \n\t\t<div  class=\"tb-column col3-1 first module_column tb_17305_column module_column_0 module_column_17305-2-0\" >\n                                                                <div class=\"tb-column-inner\">\n                            \n\n    <!-- module image -->\n    <div  id=\"image-17305-2-0-0\" class=\"module module-image image-17305-2-0-0  image-top  \">\n\n        \n        <div class=\"image-wrap\">\n                            <img loading=\"lazy\" decoding=\"async\" width=\"1024\" height=\"768\" src=\"https:\/\/projetodevida.org.br\/site\/wp-content\/uploads\/2023\/10\/WhatsApp-Image-2023-10-20-at-09.52.18-5.jpeg\" class=\" wp-post-image wp-image-17471\" alt=\"WhatsApp Image 2023-10-20 at 09.52.18 (5)\" srcset=\"https:\/\/projetodevida.org.br\/site\/wp-content\/uploads\/2023\/10\/WhatsApp-Image-2023-10-20-at-09.52.18-5.jpeg 1024w, https:\/\/projetodevida.org.br\/site\/wp-content\/uploads\/2023\/10\/WhatsApp-Image-2023-10-20-at-09.52.18-5-300x225.jpeg 300w, https:\/\/projetodevida.org.br\/site\/wp-content\/uploads\/2023\/10\/WhatsApp-Image-2023-10-20-at-09.52.18-5-768x576.jpeg 768w\" sizes=\"auto, (max-width: 1024px) 100vw, 1024px\" \/>            \n                        <\/div>\n            <!-- \/image-wrap -->\n        \n        \n            <\/div>\n    <!-- \/module image -->\n\n                        <\/div>\n                    \t\t<\/div>\n\t\t<!-- \/.tb-column -->\n\t\t\n\t\t\n\t\t<div  class=\"tb-column col3-1 middle module_column tb_17305_column module_column_1 module_column_17305-2-1\" >\n                                                                <div class=\"tb-column-inner\">\n                            \n\n    <!-- module image -->\n    <div  id=\"image-17305-2-1-0\" class=\"module module-image image-17305-2-1-0  image-top  \">\n\n        \n        <div class=\"image-wrap\">\n                            <img loading=\"lazy\" decoding=\"async\" width=\"2560\" height=\"1707\" src=\"https:\/\/projetodevida.org.br\/site\/wp-content\/uploads\/2023\/10\/photo-27-scaled.jpg\" class=\" wp-post-image wp-image-17478\" alt=\"photo (27)\" srcset=\"https:\/\/projetodevida.org.br\/site\/wp-content\/uploads\/2023\/10\/photo-27-scaled.jpg 2560w, https:\/\/projetodevida.org.br\/site\/wp-content\/uploads\/2023\/10\/photo-27-300x200.jpg 300w, https:\/\/projetodevida.org.br\/site\/wp-content\/uploads\/2023\/10\/photo-27-1024x683.jpg 1024w, https:\/\/projetodevida.org.br\/site\/wp-content\/uploads\/2023\/10\/photo-27-768x512.jpg 768w, https:\/\/projetodevida.org.br\/site\/wp-content\/uploads\/2023\/10\/photo-27-1536x1024.jpg 1536w, https:\/\/projetodevida.org.br\/site\/wp-content\/uploads\/2023\/10\/photo-27-2048x1365.jpg 2048w\" sizes=\"auto, (max-width: 2560px) 100vw, 2560px\" \/>            \n                        <\/div>\n            <!-- \/image-wrap -->\n        \n        \n            <\/div>\n    <!-- \/module image -->\n\n                        <\/div>\n                    \t\t<\/div>\n\t\t<!-- \/.tb-column -->\n\t\t\n\t\t\n\t\t<div  class=\"tb-column col3-1 last module_column tb_17305_column module_column_2 module_column_17305-2-2\" >\n                                                                <div class=\"tb-column-inner\">\n                            \n\n    <!-- module image -->\n    <div  id=\"image-17305-2-2-0\" class=\"module module-image image-17305-2-2-0  image-top  \">\n\n        \n        <div class=\"image-wrap\">\n                            <img loading=\"lazy\" decoding=\"async\" width=\"2560\" height=\"1707\" src=\"https:\/\/projetodevida.org.br\/site\/wp-content\/uploads\/2023\/10\/photo-4-1-scaled.jpg\" class=\" wp-post-image wp-image-17477\" alt=\"photo (4) (1)\" srcset=\"https:\/\/projetodevida.org.br\/site\/wp-content\/uploads\/2023\/10\/photo-4-1-scaled.jpg 2560w, https:\/\/projetodevida.org.br\/site\/wp-content\/uploads\/2023\/10\/photo-4-1-300x200.jpg 300w, https:\/\/projetodevida.org.br\/site\/wp-content\/uploads\/2023\/10\/photo-4-1-1024x683.jpg 1024w, https:\/\/projetodevida.org.br\/site\/wp-content\/uploads\/2023\/10\/photo-4-1-768x512.jpg 768w, https:\/\/projetodevida.org.br\/site\/wp-content\/uploads\/2023\/10\/photo-4-1-1536x1024.jpg 1536w, https:\/\/projetodevida.org.br\/site\/wp-content\/uploads\/2023\/10\/photo-4-1-2048x1365.jpg 2048w\" sizes=\"auto, (max-width: 2560px) 100vw, 2560px\" \/>            \n                        <\/div>\n            <!-- \/image-wrap -->\n        \n        \n            <\/div>\n    <!-- \/module image -->\n\n                        <\/div>\n                    \t\t<\/div>\n\t\t<!-- \/.tb-column -->\n\t\t\n\t\t\n                                <\/div>\n                                <!-- \/row_inner -->\n                        <\/div>\n                        <!-- \/module_row -->\n\t\t<\/div>\n\n","protected":false},"excerpt":{"rendered":"<p>No dia 19\/10, recebemos um convite da Funda\u00e7\u00e3o Ezequiel Dias (Funed) em virtude da Semana Nacional de Ci\u00eancia e Tecnologia, com isso foi apresentado para os alunos do Projeto de Vida a biblioteca cientifica com acervos hist\u00f3ricos, uma representa\u00e7\u00e3o do laborat\u00f3rio da \u00e9poca com pe\u00e7as centen\u00e1rias, o serpent\u00e1rio com os animais vivos e o caminh\u00e3o [&hellip;]<\/p>\n","protected":false},"author":5,"featured_media":17471,"comment_status":"open","ping_status":"open","sticky":false,"template":"","format":"standard","meta":{"footnotes":""},"categories":[1,6,4],"tags":[],"class_list":["post-17305","post","type-post","status-publish","format-standard","has-post-thumbnail","hentry","category-acoes","category-galeria-de-fotos","category-noticias","has-post-title","no-post-date","has-post-category","has-post-tag","has-post-comment","has-post-author",""," cat-1"," cat-6"," cat-4"],"_links":{"self":[{"href":"https:\/\/projetodevida.org.br\/site\/wp-json\/wp\/v2\/posts\/17305","targetHints":{"allow":["GET"]}}],"collection":[{"href":"https:\/\/projetodevida.org.br\/site\/wp-json\/wp\/v2\/posts"}],"about":[{"href":"https:\/\/projetodevida.org.br\/site\/wp-json\/wp\/v2\/types\/post"}],"author":[{"embeddable":true,"href":"https:\/\/projetodevida.org.br\/site\/wp-json\/wp\/v2\/users\/5"}],"replies":[{"embeddable":true,"href":"https:\/\/projetodevida.org.br\/site\/wp-json\/wp\/v2\/comments?post=17305"}],"version-history":[{"count":8,"href":"https:\/\/projetodevida.org.br\/site\/wp-json\/wp\/v2\/posts\/17305\/revisions"}],"predecessor-version":[{"id":17485,"href":"https:\/\/projetodevida.org.br\/site\/wp-json\/wp\/v2\/posts\/17305\/revisions\/17485"}],"wp:featuredmedia":[{"embeddable":true,"href":"https:\/\/projetodevida.org.br\/site\/wp-json\/wp\/v2\/media\/17471"}],"wp:attachment":[{"href":"https:\/\/projetodevida.org.br\/site\/wp-json\/wp\/v2\/media?parent=17305"}],"wp:term":[{"taxonomy":"category","embeddable":true,"href":"https:\/\/projetodevida.org.br\/site\/wp-json\/wp\/v2\/categories?post=17305"},{"taxonomy":"post_tag","embeddable":true,"href":"https:\/\/projetodevida.org.br\/site\/wp-json\/wp\/v2\/tags?post=17305"}],"curies":[{"name":"wp","href":"https:\/\/api.w.org\/{rel}","templated":true}]}}