{"id":17311,"date":"2023-12-14T15:57:50","date_gmt":"2023-12-14T18:57:50","guid":{"rendered":"https:\/\/projetodevida.org.br\/site\/?p=17311"},"modified":"2024-09-24T09:19:57","modified_gmt":"2024-09-24T12:19:57","slug":"sertao-da-vida-2023","status":"publish","type":"post","link":"https:\/\/projetodevida.org.br\/site\/2023\/12\/14\/sertao-da-vida-2023\/","title":{"rendered":"Sert\u00e3o da Vida  2023"},"content":{"rendered":"<div id=\"themify_builder_content-17311\" data-postid=\"17311\" class=\"themify_builder_content themify_builder_content-17311 themify_builder\">\n\n    \t\n\t\t<!-- module_row -->\n\t\t\t<div  class=\"themify_builder_row module_row clearfix repeat fullwidth_row_container module_row_0 themify_builder_17311_row module_row_17311-0\">\n\t\t\t\t                                <div class=\"row_inner \"   data-basecol=\"2\" data-col_mobile=\"column-full\">\n\n                                    \n\t\t<div style=\"width:92%\" class=\"tb-column col4-2 first module_column tb_17311_column module_column_0 module_column_17311-0-0\" >\n                                                                <div class=\"tb-column-inner\">\n                            \n\n<!-- module text -->\n<div  id=\"text-17311-0-0-0\" class=\"module module-text text-17311-0-0-0  repeat \">\n    \n    <p>Nosso tradicional \u201cMusical de Fim de Ano\u201d, com o tema Sert\u00e3o da Vida, uma forma de juntar Minas e o Nordeste! Encerramos mais um ciclo de oficinas com chave de ouro! Foi um momento de muita alegria, marcado pela presen\u00e7a dos novos colaboradores, alunos e familiares.<br \/>Nada disso seria poss\u00edvel sem a dedica\u00e7\u00e3o de todos voc\u00eas, que fazem parte da fam\u00edlia Projeto de Vida!<br \/>Para ter um bom final de ano, basta olhar para tr\u00e1s sem arrependimentos e olhar para frente com esperan\u00e7a! S\u00f3 temos a agradecer pela uni\u00e3o de todos, cada qual com sua individualidade, transformou a noite em um verdadeiro espet\u00e1culo!<\/p><\/div>\n<!-- \/module text -->\n                        <\/div>\n                    \t\t<\/div>\n\t\t<!-- \/.tb-column -->\n\t\t\n\t\t\n\t\t<div style=\"width:4.8%\" class=\"tb-column col4-2 last module_column tb_17311_column module_column_1 module_column_17311-0-1\" >\n                                        \t\t<\/div>\n\t\t<!-- \/.tb-column -->\n\t\t\n\t\t\n                                <\/div>\n                                <!-- \/row_inner -->\n                        <\/div>\n                        <!-- \/module_row -->\n\t\t\t\n\t\t<!-- module_row -->\n\t\t\t<div  class=\"themify_builder_row module_row clearfix repeat fullwidth_row_container module_row_1 themify_builder_17311_row module_row_17311-1\">\n\t\t\t\t                                <div class=\"row_inner \" >\n\n                                    \n\t\t<div  class=\"tb-column col3-1 first module_column tb_17311_column module_column_0 module_column_17311-1-0\" >\n                                                                <div class=\"tb-column-inner\">\n                            \n\n    <!-- module image -->\n    <div  id=\"image-17311-1-0-0\" class=\"module module-image image-17311-1-0-0  image-top  \">\n\n        \n        <div class=\"image-wrap\">\n                            <img loading=\"lazy\" decoding=\"async\" width=\"1600\" height=\"1066\" src=\"https:\/\/projetodevida.org.br\/site\/wp-content\/uploads\/2023\/12\/WhatsApp-Image-2024-09-24-at-09.16.35-1.jpeg\" class=\" wp-post-image wp-image-17493\" alt=\"WhatsApp Image 2024-09-24 at 09.16.35 (1)\" srcset=\"https:\/\/projetodevida.org.br\/site\/wp-content\/uploads\/2023\/12\/WhatsApp-Image-2024-09-24-at-09.16.35-1.jpeg 1600w, https:\/\/projetodevida.org.br\/site\/wp-content\/uploads\/2023\/12\/WhatsApp-Image-2024-09-24-at-09.16.35-1-300x200.jpeg 300w, https:\/\/projetodevida.org.br\/site\/wp-content\/uploads\/2023\/12\/WhatsApp-Image-2024-09-24-at-09.16.35-1-1024x682.jpeg 1024w, https:\/\/projetodevida.org.br\/site\/wp-content\/uploads\/2023\/12\/WhatsApp-Image-2024-09-24-at-09.16.35-1-768x512.jpeg 768w, https:\/\/projetodevida.org.br\/site\/wp-content\/uploads\/2023\/12\/WhatsApp-Image-2024-09-24-at-09.16.35-1-1536x1023.jpeg 1536w\" sizes=\"auto, (max-width: 1600px) 100vw, 1600px\" \/>            \n                        <\/div>\n            <!-- \/image-wrap -->\n        \n        \n            <\/div>\n    <!-- \/module image -->\n\n                        <\/div>\n                    \t\t<\/div>\n\t\t<!-- \/.tb-column -->\n\t\t\n\t\t\n\t\t<div  class=\"tb-column col3-1 middle module_column tb_17311_column module_column_1 module_column_17311-1-1\" >\n                                                                <div class=\"tb-column-inner\">\n                            \n\n    <!-- module image -->\n    <div  id=\"image-17311-1-1-0\" class=\"module module-image image-17311-1-1-0  image-top  \">\n\n        \n        <div class=\"image-wrap\">\n                            <img loading=\"lazy\" decoding=\"async\" width=\"1600\" height=\"1066\" src=\"https:\/\/projetodevida.org.br\/site\/wp-content\/uploads\/2023\/12\/WhatsApp-Image-2024-09-24-at-09.16.35.jpeg\" class=\" wp-post-image wp-image-17494\" alt=\"WhatsApp Image 2024-09-24 at 09.16.35\" srcset=\"https:\/\/projetodevida.org.br\/site\/wp-content\/uploads\/2023\/12\/WhatsApp-Image-2024-09-24-at-09.16.35.jpeg 1600w, https:\/\/projetodevida.org.br\/site\/wp-content\/uploads\/2023\/12\/WhatsApp-Image-2024-09-24-at-09.16.35-300x200.jpeg 300w, https:\/\/projetodevida.org.br\/site\/wp-content\/uploads\/2023\/12\/WhatsApp-Image-2024-09-24-at-09.16.35-1024x682.jpeg 1024w, https:\/\/projetodevida.org.br\/site\/wp-content\/uploads\/2023\/12\/WhatsApp-Image-2024-09-24-at-09.16.35-768x512.jpeg 768w, https:\/\/projetodevida.org.br\/site\/wp-content\/uploads\/2023\/12\/WhatsApp-Image-2024-09-24-at-09.16.35-1536x1023.jpeg 1536w\" sizes=\"auto, (max-width: 1600px) 100vw, 1600px\" \/>            \n                        <\/div>\n            <!-- \/image-wrap -->\n        \n        \n            <\/div>\n    <!-- \/module image -->\n\n                        <\/div>\n                    \t\t<\/div>\n\t\t<!-- \/.tb-column -->\n\t\t\n\t\t\n\t\t<div  class=\"tb-column col3-1 last module_column tb_17311_column module_column_2 module_column_17311-1-2\" >\n                                                                <div class=\"tb-column-inner\">\n                            \n\n    <!-- module image -->\n    <div  id=\"image-17311-1-2-0\" class=\"module module-image image-17311-1-2-0  image-top  \">\n\n        \n        <div class=\"image-wrap\">\n                            <img loading=\"lazy\" decoding=\"async\" width=\"1600\" height=\"1066\" src=\"https:\/\/projetodevida.org.br\/site\/wp-content\/uploads\/2023\/12\/WhatsApp-Image-2024-09-24-at-09.12.13.jpeg\" class=\" wp-post-image wp-image-17492\" alt=\"WhatsApp Image 2024-09-24 at 09.12.13\" srcset=\"https:\/\/projetodevida.org.br\/site\/wp-content\/uploads\/2023\/12\/WhatsApp-Image-2024-09-24-at-09.12.13.jpeg 1600w, https:\/\/projetodevida.org.br\/site\/wp-content\/uploads\/2023\/12\/WhatsApp-Image-2024-09-24-at-09.12.13-300x200.jpeg 300w, https:\/\/projetodevida.org.br\/site\/wp-content\/uploads\/2023\/12\/WhatsApp-Image-2024-09-24-at-09.12.13-1024x682.jpeg 1024w, https:\/\/projetodevida.org.br\/site\/wp-content\/uploads\/2023\/12\/WhatsApp-Image-2024-09-24-at-09.12.13-768x512.jpeg 768w, https:\/\/projetodevida.org.br\/site\/wp-content\/uploads\/2023\/12\/WhatsApp-Image-2024-09-24-at-09.12.13-1536x1023.jpeg 1536w\" sizes=\"auto, (max-width: 1600px) 100vw, 1600px\" \/>            \n                        <\/div>\n            <!-- \/image-wrap -->\n        \n        \n            <\/div>\n    <!-- \/module image -->\n\n                        <\/div>\n                    \t\t<\/div>\n\t\t<!-- \/.tb-column -->\n\t\t\n\t\t\n                                <\/div>\n                                <!-- \/row_inner -->\n                        <\/div>\n                        <!-- \/module_row -->\n\t\t\t\n\t\t<!-- module_row -->\n\t\t\t<div  class=\"themify_builder_row module_row clearfix module_row_2 themify_builder_17311_row module_row_17311-2\">\n\t\t\t\t                                <div class=\"row_inner \" >\n\n                                    \n\t\t<div  class=\"tb-column col3-1 first module_column tb_17311_column module_column_0 module_column_17311-2-0\" >\n                                                                <div class=\"tb-column-inner\">\n                            \n\n    <!-- module image -->\n    <div  id=\"image-17311-2-0-0\" class=\"module module-image image-17311-2-0-0  image-top  \">\n\n        \n        <div class=\"image-wrap\">\n                            <img loading=\"lazy\" decoding=\"async\" width=\"1600\" height=\"1066\" src=\"https:\/\/projetodevida.org.br\/site\/wp-content\/uploads\/2023\/12\/WhatsApp-Image-2024-09-24-at-09.12.13-3.jpeg\" class=\" wp-post-image wp-image-17491\" alt=\"WhatsApp Image 2024-09-24 at 09.12.13 (3)\" srcset=\"https:\/\/projetodevida.org.br\/site\/wp-content\/uploads\/2023\/12\/WhatsApp-Image-2024-09-24-at-09.12.13-3.jpeg 1600w, https:\/\/projetodevida.org.br\/site\/wp-content\/uploads\/2023\/12\/WhatsApp-Image-2024-09-24-at-09.12.13-3-300x200.jpeg 300w, https:\/\/projetodevida.org.br\/site\/wp-content\/uploads\/2023\/12\/WhatsApp-Image-2024-09-24-at-09.12.13-3-1024x682.jpeg 1024w, https:\/\/projetodevida.org.br\/site\/wp-content\/uploads\/2023\/12\/WhatsApp-Image-2024-09-24-at-09.12.13-3-768x512.jpeg 768w, https:\/\/projetodevida.org.br\/site\/wp-content\/uploads\/2023\/12\/WhatsApp-Image-2024-09-24-at-09.12.13-3-1536x1023.jpeg 1536w\" sizes=\"auto, (max-width: 1600px) 100vw, 1600px\" \/>            \n                        <\/div>\n            <!-- \/image-wrap -->\n        \n        \n            <\/div>\n    <!-- \/module image -->\n\n                        <\/div>\n                    \t\t<\/div>\n\t\t<!-- \/.tb-column -->\n\t\t\n\t\t\n\t\t<div  class=\"tb-column col3-1 middle module_column tb_17311_column module_column_1 module_column_17311-2-1\" >\n                                                                <div class=\"tb-column-inner\">\n                            \n\n    <!-- module image -->\n    <div  id=\"image-17311-2-1-0\" class=\"module module-image image-17311-2-1-0  image-top  \">\n\n        \n        <div class=\"image-wrap\">\n                            <img loading=\"lazy\" decoding=\"async\" width=\"1600\" height=\"1066\" src=\"https:\/\/projetodevida.org.br\/site\/wp-content\/uploads\/2023\/12\/WhatsApp-Image-2024-09-24-at-09.12.13-2.jpeg\" class=\" wp-post-image wp-image-17490\" alt=\"WhatsApp Image 2024-09-24 at 09.12.13 (2)\" srcset=\"https:\/\/projetodevida.org.br\/site\/wp-content\/uploads\/2023\/12\/WhatsApp-Image-2024-09-24-at-09.12.13-2.jpeg 1600w, https:\/\/projetodevida.org.br\/site\/wp-content\/uploads\/2023\/12\/WhatsApp-Image-2024-09-24-at-09.12.13-2-300x200.jpeg 300w, https:\/\/projetodevida.org.br\/site\/wp-content\/uploads\/2023\/12\/WhatsApp-Image-2024-09-24-at-09.12.13-2-1024x682.jpeg 1024w, https:\/\/projetodevida.org.br\/site\/wp-content\/uploads\/2023\/12\/WhatsApp-Image-2024-09-24-at-09.12.13-2-768x512.jpeg 768w, https:\/\/projetodevida.org.br\/site\/wp-content\/uploads\/2023\/12\/WhatsApp-Image-2024-09-24-at-09.12.13-2-1536x1023.jpeg 1536w\" sizes=\"auto, (max-width: 1600px) 100vw, 1600px\" \/>            \n                        <\/div>\n            <!-- \/image-wrap -->\n        \n        \n            <\/div>\n    <!-- \/module image -->\n\n                        <\/div>\n                    \t\t<\/div>\n\t\t<!-- \/.tb-column -->\n\t\t\n\t\t\n\t\t<div  class=\"tb-column col3-1 last module_column tb_17311_column module_column_2 module_column_17311-2-2\" >\n                                                                <div class=\"tb-column-inner\">\n                            \n\n    <!-- module image -->\n    <div  id=\"image-17311-2-2-0\" class=\"module module-image image-17311-2-2-0  image-top  \">\n\n        \n        <div class=\"image-wrap\">\n                            <img loading=\"lazy\" decoding=\"async\" width=\"1600\" height=\"1066\" src=\"https:\/\/projetodevida.org.br\/site\/wp-content\/uploads\/2023\/12\/WhatsApp-Image-2024-09-24-at-09.12.13-1.jpeg\" class=\" wp-post-image wp-image-17489\" alt=\"WhatsApp Image 2024-09-24 at 09.12.13 (1)\" srcset=\"https:\/\/projetodevida.org.br\/site\/wp-content\/uploads\/2023\/12\/WhatsApp-Image-2024-09-24-at-09.12.13-1.jpeg 1600w, https:\/\/projetodevida.org.br\/site\/wp-content\/uploads\/2023\/12\/WhatsApp-Image-2024-09-24-at-09.12.13-1-300x200.jpeg 300w, https:\/\/projetodevida.org.br\/site\/wp-content\/uploads\/2023\/12\/WhatsApp-Image-2024-09-24-at-09.12.13-1-1024x682.jpeg 1024w, https:\/\/projetodevida.org.br\/site\/wp-content\/uploads\/2023\/12\/WhatsApp-Image-2024-09-24-at-09.12.13-1-768x512.jpeg 768w, https:\/\/projetodevida.org.br\/site\/wp-content\/uploads\/2023\/12\/WhatsApp-Image-2024-09-24-at-09.12.13-1-1536x1023.jpeg 1536w\" sizes=\"auto, (max-width: 1600px) 100vw, 1600px\" \/>            \n                        <\/div>\n            <!-- \/image-wrap -->\n        \n        \n            <\/div>\n    <!-- \/module image -->\n\n                        <\/div>\n                    \t\t<\/div>\n\t\t<!-- \/.tb-column -->\n\t\t\n\t\t\n                                <\/div>\n                                <!-- \/row_inner -->\n                        <\/div>\n                        <!-- \/module_row -->\n\t\t<\/div>\n\n","protected":false},"excerpt":{"rendered":"<p>Nosso tradicional \u201cMusical de Fim de Ano\u201d, com o tema Sert\u00e3o da Vida, uma forma de juntar Minas e o Nordeste! Encerramos mais um ciclo de oficinas com chave de ouro! Foi um momento de muita alegria, marcado pela presen\u00e7a dos novos colaboradores, alunos e familiares.Nada disso seria poss\u00edvel sem a dedica\u00e7\u00e3o de todos voc\u00eas, [&hellip;]<\/p>\n","protected":false},"author":5,"featured_media":17492,"comment_status":"open","ping_status":"open","sticky":false,"template":"","format":"standard","meta":{"footnotes":""},"categories":[1,6,4],"tags":[],"class_list":["post-17311","post","type-post","status-publish","format-standard","has-post-thumbnail","hentry","category-acoes","category-galeria-de-fotos","category-noticias","has-post-title","no-post-date","has-post-category","has-post-tag","has-post-comment","has-post-author",""," cat-1"," cat-6"," cat-4"],"_links":{"self":[{"href":"https:\/\/projetodevida.org.br\/site\/wp-json\/wp\/v2\/posts\/17311","targetHints":{"allow":["GET"]}}],"collection":[{"href":"https:\/\/projetodevida.org.br\/site\/wp-json\/wp\/v2\/posts"}],"about":[{"href":"https:\/\/projetodevida.org.br\/site\/wp-json\/wp\/v2\/types\/post"}],"author":[{"embeddable":true,"href":"https:\/\/projetodevida.org.br\/site\/wp-json\/wp\/v2\/users\/5"}],"replies":[{"embeddable":true,"href":"https:\/\/projetodevida.org.br\/site\/wp-json\/wp\/v2\/comments?post=17311"}],"version-history":[{"count":9,"href":"https:\/\/projetodevida.org.br\/site\/wp-json\/wp\/v2\/posts\/17311\/revisions"}],"predecessor-version":[{"id":17500,"href":"https:\/\/projetodevida.org.br\/site\/wp-json\/wp\/v2\/posts\/17311\/revisions\/17500"}],"wp:featuredmedia":[{"embeddable":true,"href":"https:\/\/projetodevida.org.br\/site\/wp-json\/wp\/v2\/media\/17492"}],"wp:attachment":[{"href":"https:\/\/projetodevida.org.br\/site\/wp-json\/wp\/v2\/media?parent=17311"}],"wp:term":[{"taxonomy":"category","embeddable":true,"href":"https:\/\/projetodevida.org.br\/site\/wp-json\/wp\/v2\/categories?post=17311"},{"taxonomy":"post_tag","embeddable":true,"href":"https:\/\/projetodevida.org.br\/site\/wp-json\/wp\/v2\/tags?post=17311"}],"curies":[{"name":"wp","href":"https:\/\/api.w.org\/{rel}","templated":true}]}}