{"id":3422,"date":"2018-07-25T20:03:30","date_gmt":"2018-07-25T20:03:30","guid":{"rendered":"http:\/\/projetodevida.org.br\/site\/?p=3422"},"modified":"2018-07-25T20:57:52","modified_gmt":"2018-07-25T20:57:52","slug":"bailao-mario-covas-contagem","status":"publish","type":"post","link":"https:\/\/projetodevida.org.br\/site\/2018\/07\/25\/bailao-mario-covas-contagem\/","title":{"rendered":"Bail\u00e3o M\u00e1rio Covas &#8211; Contagem"},"content":{"rendered":"<p>Projeto de Vida &#8211; Vida na Melhor Idade, uma das atividades de conviv\u00eancia de socializa\u00e7\u00e3o e fortalecimento de v\u00ednculos para a pessoa idosa s\u00e3o os Bail\u00f5es.<\/p>\n<p>Confira fotos do Espa\u00e7o M\u00e1rio Covas &#8211;\u00a0Rua Manoel de Matos, 162 \u2013 Central Parque &#8211; Contagem.<\/p>\n<div id='gallery-1' class='gallery galleryid-3422 gallery-columns-4 gallery-size-medium'><figure class='gallery-item'>\n\t\t\t<div class='gallery-icon portrait'>\n\t\t\t\t<a href='https:\/\/projetodevida.org.br\/site\/wp-content\/uploads\/2018\/07\/WhatsApp-Image-2018-07-18-at-17.27.57-1.jpeg'><img loading=\"lazy\" decoding=\"async\" width=\"225\" height=\"300\" src=\"https:\/\/projetodevida.org.br\/site\/wp-content\/uploads\/2018\/07\/WhatsApp-Image-2018-07-18-at-17.27.57-1-225x300.jpeg\" class=\"attachment-medium size-medium\" alt=\"\" srcset=\"https:\/\/projetodevida.org.br\/site\/wp-content\/uploads\/2018\/07\/WhatsApp-Image-2018-07-18-at-17.27.57-1-225x300.jpeg 225w, https:\/\/projetodevida.org.br\/site\/wp-content\/uploads\/2018\/07\/WhatsApp-Image-2018-07-18-at-17.27.57-1-768x1024.jpeg 768w, https:\/\/projetodevida.org.br\/site\/wp-content\/uploads\/2018\/07\/WhatsApp-Image-2018-07-18-at-17.27.57-1.jpeg 960w\" sizes=\"auto, (max-width: 225px) 100vw, 225px\" \/><\/a>\n\t\t\t<\/div><\/figure><figure class='gallery-item'>\n\t\t\t<div class='gallery-icon portrait'>\n\t\t\t\t<a href='https:\/\/projetodevida.org.br\/site\/wp-content\/uploads\/2018\/07\/WhatsApp-Image-2018-07-18-at-17.27.59.jpeg'><img loading=\"lazy\" decoding=\"async\" width=\"225\" height=\"300\" src=\"https:\/\/projetodevida.org.br\/site\/wp-content\/uploads\/2018\/07\/WhatsApp-Image-2018-07-18-at-17.27.59-225x300.jpeg\" class=\"attachment-medium size-medium\" alt=\"\" srcset=\"https:\/\/projetodevida.org.br\/site\/wp-content\/uploads\/2018\/07\/WhatsApp-Image-2018-07-18-at-17.27.59-225x300.jpeg 225w, https:\/\/projetodevida.org.br\/site\/wp-content\/uploads\/2018\/07\/WhatsApp-Image-2018-07-18-at-17.27.59-768x1024.jpeg 768w, https:\/\/projetodevida.org.br\/site\/wp-content\/uploads\/2018\/07\/WhatsApp-Image-2018-07-18-at-17.27.59.jpeg 960w\" sizes=\"auto, (max-width: 225px) 100vw, 225px\" \/><\/a>\n\t\t\t<\/div><\/figure><figure class='gallery-item'>\n\t\t\t<div class='gallery-icon portrait'>\n\t\t\t\t<a href='https:\/\/projetodevida.org.br\/site\/wp-content\/uploads\/2018\/07\/WhatsApp-Image-2018-07-18-at-17.27.58.jpeg'><img loading=\"lazy\" decoding=\"async\" width=\"225\" height=\"300\" src=\"https:\/\/projetodevida.org.br\/site\/wp-content\/uploads\/2018\/07\/WhatsApp-Image-2018-07-18-at-17.27.58-225x300.jpeg\" class=\"attachment-medium size-medium\" alt=\"\" srcset=\"https:\/\/projetodevida.org.br\/site\/wp-content\/uploads\/2018\/07\/WhatsApp-Image-2018-07-18-at-17.27.58-225x300.jpeg 225w, https:\/\/projetodevida.org.br\/site\/wp-content\/uploads\/2018\/07\/WhatsApp-Image-2018-07-18-at-17.27.58-768x1025.jpeg 768w, https:\/\/projetodevida.org.br\/site\/wp-content\/uploads\/2018\/07\/WhatsApp-Image-2018-07-18-at-17.27.58-767x1024.jpeg 767w, https:\/\/projetodevida.org.br\/site\/wp-content\/uploads\/2018\/07\/WhatsApp-Image-2018-07-18-at-17.27.58.jpeg 959w\" sizes=\"auto, (max-width: 225px) 100vw, 225px\" \/><\/a>\n\t\t\t<\/div><\/figure><figure class='gallery-item'>\n\t\t\t<div class='gallery-icon portrait'>\n\t\t\t\t<a href='https:\/\/projetodevida.org.br\/site\/wp-content\/uploads\/2018\/07\/WhatsApp-Image-2018-07-18-at-17.27.57-2.jpeg'><img loading=\"lazy\" decoding=\"async\" width=\"225\" height=\"300\" src=\"https:\/\/projetodevida.org.br\/site\/wp-content\/uploads\/2018\/07\/WhatsApp-Image-2018-07-18-at-17.27.57-2-225x300.jpeg\" class=\"attachment-medium size-medium\" alt=\"\" srcset=\"https:\/\/projetodevida.org.br\/site\/wp-content\/uploads\/2018\/07\/WhatsApp-Image-2018-07-18-at-17.27.57-2-225x300.jpeg 225w, https:\/\/projetodevida.org.br\/site\/wp-content\/uploads\/2018\/07\/WhatsApp-Image-2018-07-18-at-17.27.57-2-768x1024.jpeg 768w, https:\/\/projetodevida.org.br\/site\/wp-content\/uploads\/2018\/07\/WhatsApp-Image-2018-07-18-at-17.27.57-2.jpeg 960w\" sizes=\"auto, (max-width: 225px) 100vw, 225px\" \/><\/a>\n\t\t\t<\/div><\/figure><figure class='gallery-item'>\n\t\t\t<div class='gallery-icon portrait'>\n\t\t\t\t<a href='https:\/\/projetodevida.org.br\/site\/wp-content\/uploads\/2018\/07\/WhatsApp-Image-2018-07-18-at-17.27.58-1.jpeg'><img loading=\"lazy\" decoding=\"async\" width=\"225\" height=\"300\" src=\"https:\/\/projetodevida.org.br\/site\/wp-content\/uploads\/2018\/07\/WhatsApp-Image-2018-07-18-at-17.27.58-1-225x300.jpeg\" class=\"attachment-medium size-medium\" alt=\"\" srcset=\"https:\/\/projetodevida.org.br\/site\/wp-content\/uploads\/2018\/07\/WhatsApp-Image-2018-07-18-at-17.27.58-1-225x300.jpeg 225w, https:\/\/projetodevida.org.br\/site\/wp-content\/uploads\/2018\/07\/WhatsApp-Image-2018-07-18-at-17.27.58-1-768x1024.jpeg 768w, https:\/\/projetodevida.org.br\/site\/wp-content\/uploads\/2018\/07\/WhatsApp-Image-2018-07-18-at-17.27.58-1.jpeg 960w\" sizes=\"auto, (max-width: 225px) 100vw, 225px\" \/><\/a>\n\t\t\t<\/div><\/figure>\n\t\t<\/div>\n\n<div id=\"themify_builder_content-3422\" data-postid=\"3422\" class=\"themify_builder_content themify_builder_content-3422 themify_builder\">\n\n    <\/div>\n<!-- \/themify_builder_content -->","protected":false},"excerpt":{"rendered":"<p>Projeto de Vida &#8211; Vida na Melhor Idade, uma das atividades de conviv\u00eancia de socializa\u00e7\u00e3o e fortalecimento de v\u00ednculos para a pessoa idosa s\u00e3o os Bail\u00f5es. Confira fotos do Espa\u00e7o M\u00e1rio Covas &#8211;\u00a0Rua Manoel de Matos, 162 \u2013 Central Parque &#8211; Contagem.<\/p>\n","protected":false},"author":1,"featured_media":3426,"comment_status":"open","ping_status":"open","sticky":false,"template":"","format":"standard","meta":{"footnotes":""},"categories":[1,14,6,4],"tags":[],"class_list":["post-3422","post","type-post","status-publish","format-standard","has-post-thumbnail","hentry","category-acoes","category-acoes-idosos","category-galeria-de-fotos","category-noticias","has-post-title","no-post-date","has-post-category","has-post-tag","has-post-comment","has-post-author",""," cat-1"," cat-14"," cat-6"," cat-4"],"_links":{"self":[{"href":"https:\/\/projetodevida.org.br\/site\/wp-json\/wp\/v2\/posts\/3422","targetHints":{"allow":["GET"]}}],"collection":[{"href":"https:\/\/projetodevida.org.br\/site\/wp-json\/wp\/v2\/posts"}],"about":[{"href":"https:\/\/projetodevida.org.br\/site\/wp-json\/wp\/v2\/types\/post"}],"author":[{"embeddable":true,"href":"https:\/\/projetodevida.org.br\/site\/wp-json\/wp\/v2\/users\/1"}],"replies":[{"embeddable":true,"href":"https:\/\/projetodevida.org.br\/site\/wp-json\/wp\/v2\/comments?post=3422"}],"version-history":[{"count":2,"href":"https:\/\/projetodevida.org.br\/site\/wp-json\/wp\/v2\/posts\/3422\/revisions"}],"predecessor-version":[{"id":3429,"href":"https:\/\/projetodevida.org.br\/site\/wp-json\/wp\/v2\/posts\/3422\/revisions\/3429"}],"wp:featuredmedia":[{"embeddable":true,"href":"https:\/\/projetodevida.org.br\/site\/wp-json\/wp\/v2\/media\/3426"}],"wp:attachment":[{"href":"https:\/\/projetodevida.org.br\/site\/wp-json\/wp\/v2\/media?parent=3422"}],"wp:term":[{"taxonomy":"category","embeddable":true,"href":"https:\/\/projetodevida.org.br\/site\/wp-json\/wp\/v2\/categories?post=3422"},{"taxonomy":"post_tag","embeddable":true,"href":"https:\/\/projetodevida.org.br\/site\/wp-json\/wp\/v2\/tags?post=3422"}],"curies":[{"name":"wp","href":"https:\/\/api.w.org\/{rel}","templated":true}]}}