{"id":3957,"date":"2018-08-10T14:05:16","date_gmt":"2018-08-10T14:05:16","guid":{"rendered":"http:\/\/projetodevida.org.br\/site\/?p=3957"},"modified":"2018-08-15T18:25:10","modified_gmt":"2018-08-15T18:25:10","slug":"um-exemplo-de-solidariedade","status":"publish","type":"post","link":"https:\/\/projetodevida.org.br\/site\/2018\/08\/10\/um-exemplo-de-solidariedade\/","title":{"rendered":"Um exemplo de solidariedade"},"content":{"rendered":"\n<p>Mais uma vez mesmo na correria do trabalho, eles d\u00e3o uma paradinha para ajudar o pr\u00f3ximo. Um exemplo para a sociedade!<\/p>\n\n\n\n<p style=\"font-size:25px;text-align:center\"><strong>SOLIDARIEDADE N\u00c3O SE ENSINA,\u00a0 VOC\u00ca TEM OU N\u00c3O<\/strong>.<\/p>\n\n\n<p>Varal Solid\u00e1rio Projeto de Vida.<\/p><div id=\"themify_builder_content-3957\" data-postid=\"3957\" class=\"themify_builder_content themify_builder_content-3957 themify_builder\">\n\n    \t\n\t\t<!-- module_row -->\n\t\t\t<div  class=\"themify_builder_row module_row clearfix module_row_0 themify_builder_3957_row module_row_3957-0\">\n\t\t\t\t                                <div class=\"row_inner \" >\n\n                                    \n\t\t<div  class=\"tb-column col-full first module_column tb_3957_column module_column_0 module_column_3957-0-0\" >\n                                                                <div class=\"tb-column-inner\">\n                            \n\n    <!-- module gallery -->\n    <div  id=\"gallery-3957-0-0-0\" class=\"module module-gallery gallery-3957-0-0-0 gallery gallery-columns-4  layout-grid   \">\n        \n        \n    <dl class=\"gallery-item\">\n        <dt class=\"gallery-icon\">\n        <a title=\"\" href=\"https:\/\/projetodevida.org.br\/site\/wp-content\/uploads\/2018\/08\/IMG-20180808-WA0021.jpg\"><img loading=\"lazy\" decoding=\"async\" width=\"1024\" height=\"768\" src=\"https:\/\/projetodevida.org.br\/site\/wp-content\/uploads\/2018\/08\/IMG-20180808-WA0021-1024x768.jpg\" class=\" wp-post-image wp-image-3960\" alt=\"IMG-20180808-WA0021\" srcset=\"https:\/\/projetodevida.org.br\/site\/wp-content\/uploads\/2018\/08\/IMG-20180808-WA0021-1024x768.jpg 1024w, https:\/\/projetodevida.org.br\/site\/wp-content\/uploads\/2018\/08\/IMG-20180808-WA0021-300x225.jpg 300w, https:\/\/projetodevida.org.br\/site\/wp-content\/uploads\/2018\/08\/IMG-20180808-WA0021-768x576.jpg 768w, https:\/\/projetodevida.org.br\/site\/wp-content\/uploads\/2018\/08\/IMG-20180808-WA0021.jpg 1040w\" sizes=\"auto, (max-width: 1024px) 100vw, 1024px\" \/><\/a>        <\/dt>\n        <dd>\n                                <\/dd>\n    <\/dl>\n\n    \n\n    <dl class=\"gallery-item\">\n        <dt class=\"gallery-icon\">\n        <a title=\"\" href=\"https:\/\/projetodevida.org.br\/site\/wp-content\/uploads\/2018\/08\/IMG-20180808-WA0022.jpg\"><img loading=\"lazy\" decoding=\"async\" width=\"1024\" height=\"768\" src=\"https:\/\/projetodevida.org.br\/site\/wp-content\/uploads\/2018\/08\/IMG-20180808-WA0022-1024x768.jpg\" class=\" wp-post-image wp-image-3959\" alt=\"IMG-20180808-WA0022\" srcset=\"https:\/\/projetodevida.org.br\/site\/wp-content\/uploads\/2018\/08\/IMG-20180808-WA0022-1024x768.jpg 1024w, https:\/\/projetodevida.org.br\/site\/wp-content\/uploads\/2018\/08\/IMG-20180808-WA0022-300x225.jpg 300w, https:\/\/projetodevida.org.br\/site\/wp-content\/uploads\/2018\/08\/IMG-20180808-WA0022-768x576.jpg 768w, https:\/\/projetodevida.org.br\/site\/wp-content\/uploads\/2018\/08\/IMG-20180808-WA0022.jpg 1040w\" sizes=\"auto, (max-width: 1024px) 100vw, 1024px\" \/><\/a>        <\/dt>\n        <dd>\n                                <\/dd>\n    <\/dl>\n\n    \n\n    <dl class=\"gallery-item\">\n        <dt class=\"gallery-icon\">\n        <a title=\"\" href=\"https:\/\/projetodevida.org.br\/site\/wp-content\/uploads\/2018\/08\/IMG-20180808-WA0020.jpg\"><img loading=\"lazy\" decoding=\"async\" width=\"1024\" height=\"768\" src=\"https:\/\/projetodevida.org.br\/site\/wp-content\/uploads\/2018\/08\/IMG-20180808-WA0020-1024x768.jpg\" class=\" wp-post-image wp-image-3958\" alt=\"IMG-20180808-WA0020\" srcset=\"https:\/\/projetodevida.org.br\/site\/wp-content\/uploads\/2018\/08\/IMG-20180808-WA0020-1024x768.jpg 1024w, https:\/\/projetodevida.org.br\/site\/wp-content\/uploads\/2018\/08\/IMG-20180808-WA0020-300x225.jpg 300w, https:\/\/projetodevida.org.br\/site\/wp-content\/uploads\/2018\/08\/IMG-20180808-WA0020-768x576.jpg 768w, https:\/\/projetodevida.org.br\/site\/wp-content\/uploads\/2018\/08\/IMG-20180808-WA0020.jpg 1040w\" sizes=\"auto, (max-width: 1024px) 100vw, 1024px\" \/><\/a>        <\/dt>\n        <dd>\n                                <\/dd>\n    <\/dl>\n\n    \n<br style=\"clear: both\" \/>\n\n    <\/div>\n    <!-- \/module gallery -->\n\n                        <\/div>\n                    \t\t<\/div>\n\t\t<!-- \/.tb-column -->\n\t\t\n\t\t\n                                <\/div>\n                                <!-- \/row_inner -->\n                        <\/div>\n                        <!-- \/module_row -->\n\t\t<\/div>\n","protected":false},"excerpt":{"rendered":"<p>Mais uma vez mesmo na correria do trabalho, eles d\u00e3o uma paradinha para ajudar o pr\u00f3ximo. Um exemplo para a sociedade! SOLIDARIEDADE N\u00c3O SE ENSINA,\u00a0 VOC\u00ca TEM OU N\u00c3O. Varal Solid\u00e1rio Projeto de Vida.<\/p>\n","protected":false},"author":1,"featured_media":3960,"comment_status":"open","ping_status":"open","sticky":false,"template":"","format":"standard","meta":{"footnotes":""},"categories":[1,9,6],"tags":[],"class_list":["post-3957","post","type-post","status-publish","format-standard","has-post-thumbnail","hentry","category-acoes","category-acoes-varal","category-galeria-de-fotos","has-post-title","no-post-date","has-post-category","has-post-tag","has-post-comment","has-post-author",""," cat-1"," cat-9"," cat-6"],"_links":{"self":[{"href":"https:\/\/projetodevida.org.br\/site\/wp-json\/wp\/v2\/posts\/3957","targetHints":{"allow":["GET"]}}],"collection":[{"href":"https:\/\/projetodevida.org.br\/site\/wp-json\/wp\/v2\/posts"}],"about":[{"href":"https:\/\/projetodevida.org.br\/site\/wp-json\/wp\/v2\/types\/post"}],"author":[{"embeddable":true,"href":"https:\/\/projetodevida.org.br\/site\/wp-json\/wp\/v2\/users\/1"}],"replies":[{"embeddable":true,"href":"https:\/\/projetodevida.org.br\/site\/wp-json\/wp\/v2\/comments?post=3957"}],"version-history":[{"count":25,"href":"https:\/\/projetodevida.org.br\/site\/wp-json\/wp\/v2\/posts\/3957\/revisions"}],"predecessor-version":[{"id":4022,"href":"https:\/\/projetodevida.org.br\/site\/wp-json\/wp\/v2\/posts\/3957\/revisions\/4022"}],"wp:featuredmedia":[{"embeddable":true,"href":"https:\/\/projetodevida.org.br\/site\/wp-json\/wp\/v2\/media\/3960"}],"wp:attachment":[{"href":"https:\/\/projetodevida.org.br\/site\/wp-json\/wp\/v2\/media?parent=3957"}],"wp:term":[{"taxonomy":"category","embeddable":true,"href":"https:\/\/projetodevida.org.br\/site\/wp-json\/wp\/v2\/categories?post=3957"},{"taxonomy":"post_tag","embeddable":true,"href":"https:\/\/projetodevida.org.br\/site\/wp-json\/wp\/v2\/tags?post=3957"}],"curies":[{"name":"wp","href":"https:\/\/api.w.org\/{rel}","templated":true}]}}