{"id":4061,"date":"2018-08-17T11:11:49","date_gmt":"2018-08-17T11:11:49","guid":{"rendered":"http:\/\/projetodevida.org.br\/site\/?p=4061"},"modified":"2018-08-17T11:34:15","modified_gmt":"2018-08-17T11:34:15","slug":"apresentacao-coral-vida-em-seresta-sesc","status":"publish","type":"post","link":"https:\/\/projetodevida.org.br\/site\/2018\/08\/17\/apresentacao-coral-vida-em-seresta-sesc\/","title":{"rendered":"Apresenta\u00e7\u00e3o Coral Vida Em Seresta &#8211; SESC Contagem"},"content":{"rendered":"\r\n<p>Ontem, 16 de Agosto de 2018, o Coral do Vida em Seresta juntamente com a orquestra do Viol\u00f5es Sem Fronteiras realizou uma apresenta\u00e7\u00e3o no SESC-Contagem no Encontro de Serestas SESC + GRUPOS.<\/p>\r\n\r\n\r\n\r\n<p>As a\u00e7\u00f5es visam promover\u00a0o conv\u00edvio social, evitando o isolamento do idoso proporcionando no\u00e7\u00f5es de musicalidade, onde eles ainda aprendem a praticar a paci\u00eancia, uma vez que cada voz tem o seu momento de sil\u00eancio e de destaque nas can\u00e7\u00f5es. E essa experi\u00eancia acaba sendo um exerc\u00edcio para a vida como forma de terapia, o mesmo se aplicando aos jovens, principalmente na pr\u00e1tica de disciplina.<br \/>O resultado s\u00e3o bel\u00edssimas apresenta\u00e7\u00f5es e o bem estar de todos os envolvidos, afinal a boa m\u00fasica transforma vidas.<\/p>\r\n\r\n<div id=\"themify_builder_content-4061\" data-postid=\"4061\" class=\"themify_builder_content themify_builder_content-4061 themify_builder\">\n\n    \t\n\t\t<!-- module_row -->\n\t\t\t<div  class=\"themify_builder_row module_row clearfix module_row_0 themify_builder_4061_row module_row_4061-0\">\n\t\t\t\t                                <div class=\"row_inner \" >\n\n                                    \n\t\t<div  class=\"tb-column col-full first module_column tb_4061_column module_column_0 module_column_4061-0-0\" >\n                                                                <div class=\"tb-column-inner\">\n                            \n\n    <!-- module gallery -->\n    <div  id=\"gallery-4061-0-0-0\" class=\"module module-gallery gallery-4061-0-0-0 gallery gallery-columns-3  layout-grid   \">\n        \n        \n    <dl class=\"gallery-item\">\n        <dt class=\"gallery-icon\">\n        <a title=\"\" href=\"https:\/\/projetodevida.org.br\/site\/wp-content\/uploads\/2018\/08\/PDV-017.jpeg\"><img loading=\"lazy\" decoding=\"async\" width=\"768\" height=\"1024\" src=\"https:\/\/projetodevida.org.br\/site\/wp-content\/uploads\/2018\/08\/PDV-017-768x1024.jpeg\" class=\" wp-post-image wp-image-4067\" alt=\"PDV -017\" srcset=\"https:\/\/projetodevida.org.br\/site\/wp-content\/uploads\/2018\/08\/PDV-017-768x1024.jpeg 768w, https:\/\/projetodevida.org.br\/site\/wp-content\/uploads\/2018\/08\/PDV-017-225x300.jpeg 225w, https:\/\/projetodevida.org.br\/site\/wp-content\/uploads\/2018\/08\/PDV-017.jpeg 1024w\" sizes=\"auto, (max-width: 768px) 100vw, 768px\" \/><\/a>        <\/dt>\n        <dd>\n                                <\/dd>\n    <\/dl>\n\n    \n\n    <dl class=\"gallery-item\">\n        <dt class=\"gallery-icon\">\n        <a title=\"\" href=\"https:\/\/projetodevida.org.br\/site\/wp-content\/uploads\/2018\/08\/PDV-016.jpeg\"><img loading=\"lazy\" decoding=\"async\" width=\"1024\" height=\"768\" src=\"https:\/\/projetodevida.org.br\/site\/wp-content\/uploads\/2018\/08\/PDV-016-1024x768.jpeg\" class=\" wp-post-image wp-image-4066\" alt=\"PDV -016\" srcset=\"https:\/\/projetodevida.org.br\/site\/wp-content\/uploads\/2018\/08\/PDV-016.jpeg 1024w, https:\/\/projetodevida.org.br\/site\/wp-content\/uploads\/2018\/08\/PDV-016-300x225.jpeg 300w, https:\/\/projetodevida.org.br\/site\/wp-content\/uploads\/2018\/08\/PDV-016-768x576.jpeg 768w\" sizes=\"auto, (max-width: 1024px) 100vw, 1024px\" \/><\/a>        <\/dt>\n        <dd>\n                                <\/dd>\n    <\/dl>\n\n    \n\n    <dl class=\"gallery-item\">\n        <dt class=\"gallery-icon\">\n        <a title=\"\" href=\"https:\/\/projetodevida.org.br\/site\/wp-content\/uploads\/2018\/08\/PDV-015.jpeg\"><img loading=\"lazy\" decoding=\"async\" width=\"1024\" height=\"768\" src=\"https:\/\/projetodevida.org.br\/site\/wp-content\/uploads\/2018\/08\/PDV-015-1024x768.jpeg\" class=\" wp-post-image wp-image-4065\" alt=\"PDV -015\" srcset=\"https:\/\/projetodevida.org.br\/site\/wp-content\/uploads\/2018\/08\/PDV-015.jpeg 1024w, https:\/\/projetodevida.org.br\/site\/wp-content\/uploads\/2018\/08\/PDV-015-300x225.jpeg 300w, https:\/\/projetodevida.org.br\/site\/wp-content\/uploads\/2018\/08\/PDV-015-768x576.jpeg 768w\" sizes=\"auto, (max-width: 1024px) 100vw, 1024px\" \/><\/a>        <\/dt>\n        <dd>\n                                <\/dd>\n    <\/dl>\n\n            <br style=\"clear: both\" \/>\n    \n\n    <dl class=\"gallery-item\">\n        <dt class=\"gallery-icon\">\n        <a title=\"\" href=\"https:\/\/projetodevida.org.br\/site\/wp-content\/uploads\/2018\/08\/PDV-014.jpeg\"><img loading=\"lazy\" decoding=\"async\" width=\"1024\" height=\"768\" src=\"https:\/\/projetodevida.org.br\/site\/wp-content\/uploads\/2018\/08\/PDV-014-1024x768.jpeg\" class=\" wp-post-image wp-image-4064\" alt=\"PDV -014\" srcset=\"https:\/\/projetodevida.org.br\/site\/wp-content\/uploads\/2018\/08\/PDV-014.jpeg 1024w, https:\/\/projetodevida.org.br\/site\/wp-content\/uploads\/2018\/08\/PDV-014-300x225.jpeg 300w, https:\/\/projetodevida.org.br\/site\/wp-content\/uploads\/2018\/08\/PDV-014-768x576.jpeg 768w\" sizes=\"auto, (max-width: 1024px) 100vw, 1024px\" \/><\/a>        <\/dt>\n        <dd>\n                                <\/dd>\n    <\/dl>\n\n    \n\n    <dl class=\"gallery-item\">\n        <dt class=\"gallery-icon\">\n        <a title=\"\" href=\"https:\/\/projetodevida.org.br\/site\/wp-content\/uploads\/2018\/08\/PDV-013.jpeg\"><img loading=\"lazy\" decoding=\"async\" width=\"1024\" height=\"768\" src=\"https:\/\/projetodevida.org.br\/site\/wp-content\/uploads\/2018\/08\/PDV-013-1024x768.jpeg\" class=\" wp-post-image wp-image-4063\" alt=\"PDV -013\" srcset=\"https:\/\/projetodevida.org.br\/site\/wp-content\/uploads\/2018\/08\/PDV-013.jpeg 1024w, https:\/\/projetodevida.org.br\/site\/wp-content\/uploads\/2018\/08\/PDV-013-300x225.jpeg 300w, https:\/\/projetodevida.org.br\/site\/wp-content\/uploads\/2018\/08\/PDV-013-768x576.jpeg 768w\" sizes=\"auto, (max-width: 1024px) 100vw, 1024px\" \/><\/a>        <\/dt>\n        <dd>\n                                <\/dd>\n    <\/dl>\n\n    \n\n    <dl class=\"gallery-item\">\n        <dt class=\"gallery-icon\">\n        <a title=\"\" href=\"https:\/\/projetodevida.org.br\/site\/wp-content\/uploads\/2018\/08\/PDV-012.jpeg\"><img loading=\"lazy\" decoding=\"async\" width=\"1024\" height=\"768\" src=\"https:\/\/projetodevida.org.br\/site\/wp-content\/uploads\/2018\/08\/PDV-012-1024x768.jpeg\" class=\" wp-post-image wp-image-4062\" alt=\"PDV -012\" srcset=\"https:\/\/projetodevida.org.br\/site\/wp-content\/uploads\/2018\/08\/PDV-012.jpeg 1024w, https:\/\/projetodevida.org.br\/site\/wp-content\/uploads\/2018\/08\/PDV-012-300x225.jpeg 300w, https:\/\/projetodevida.org.br\/site\/wp-content\/uploads\/2018\/08\/PDV-012-768x576.jpeg 768w\" sizes=\"auto, (max-width: 1024px) 100vw, 1024px\" \/><\/a>        <\/dt>\n        <dd>\n                                <\/dd>\n    <\/dl>\n\n            <br style=\"clear: both\" \/>\n    \n<br style=\"clear: both\" \/>\n\n    <\/div>\n    <!-- \/module gallery -->\n\n                        <\/div>\n                    \t\t<\/div>\n\t\t<!-- \/.tb-column -->\n\t\t\n\t\t\n                                <\/div>\n                                <!-- \/row_inner -->\n                        <\/div>\n                        <!-- \/module_row -->\n\t\t<\/div>","protected":false},"excerpt":{"rendered":"<p>Ontem, 16 de Agosto de 2018, o Coral do Vida em Seresta juntamente com a orquestra do Viol\u00f5es Sem Fronteiras realizou uma apresenta\u00e7\u00e3o no SESC-Contagem no Encontro de Serestas SESC + GRUPOS. As a\u00e7\u00f5es visam promover\u00a0o conv\u00edvio social, evitando o isolamento do idoso proporcionando no\u00e7\u00f5es de musicalidade, onde eles ainda aprendem a praticar a paci\u00eancia, [&hellip;]<\/p>\n","protected":false},"author":1,"featured_media":4067,"comment_status":"open","ping_status":"open","sticky":false,"template":"","format":"standard","meta":{"footnotes":""},"categories":[12,10,14,6],"tags":[],"class_list":["post-4061","post","type-post","status-publish","format-standard","has-post-thumbnail","hentry","category-acoes-vida-na-melhor-idade","category-acoes-violoes-em-fronteiras","category-acoes-idosos","category-galeria-de-fotos","has-post-title","no-post-date","has-post-category","has-post-tag","has-post-comment","has-post-author",""," cat-12"," cat-10"," cat-14"," cat-6"],"_links":{"self":[{"href":"https:\/\/projetodevida.org.br\/site\/wp-json\/wp\/v2\/posts\/4061","targetHints":{"allow":["GET"]}}],"collection":[{"href":"https:\/\/projetodevida.org.br\/site\/wp-json\/wp\/v2\/posts"}],"about":[{"href":"https:\/\/projetodevida.org.br\/site\/wp-json\/wp\/v2\/types\/post"}],"author":[{"embeddable":true,"href":"https:\/\/projetodevida.org.br\/site\/wp-json\/wp\/v2\/users\/1"}],"replies":[{"embeddable":true,"href":"https:\/\/projetodevida.org.br\/site\/wp-json\/wp\/v2\/comments?post=4061"}],"version-history":[{"count":13,"href":"https:\/\/projetodevida.org.br\/site\/wp-json\/wp\/v2\/posts\/4061\/revisions"}],"predecessor-version":[{"id":4080,"href":"https:\/\/projetodevida.org.br\/site\/wp-json\/wp\/v2\/posts\/4061\/revisions\/4080"}],"wp:featuredmedia":[{"embeddable":true,"href":"https:\/\/projetodevida.org.br\/site\/wp-json\/wp\/v2\/media\/4067"}],"wp:attachment":[{"href":"https:\/\/projetodevida.org.br\/site\/wp-json\/wp\/v2\/media?parent=4061"}],"wp:term":[{"taxonomy":"category","embeddable":true,"href":"https:\/\/projetodevida.org.br\/site\/wp-json\/wp\/v2\/categories?post=4061"},{"taxonomy":"post_tag","embeddable":true,"href":"https:\/\/projetodevida.org.br\/site\/wp-json\/wp\/v2\/tags?post=4061"}],"curies":[{"name":"wp","href":"https:\/\/api.w.org\/{rel}","templated":true}]}}